{"id":15876,"date":"2020-09-16T11:01:56","date_gmt":"2020-09-16T14:01:56","guid":{"rendered":"https:\/\/blogs2.correiobraziliense.com.br\/vicente\/?p=15876"},"modified":"2020-09-16T15:55:45","modified_gmt":"2020-09-16T18:55:45","slug":"a-pergunta-que-inquieta-brasilia-quem-infestou-o-stf-com-o-novo-coronavirus","status":"publish","type":"post","link":"https:\/\/blogs2.correiobraziliense.com.br\/vicente\/a-pergunta-que-inquieta-brasilia-quem-infestou-o-stf-com-o-novo-coronavirus\/","title":{"rendered":"A pergunta que inquieta Bras\u00edlia: quem infestou o STF com o novo coronav\u00edrus?"},"content":{"rendered":"<h2>A Esplanada dos Minist\u00e9rios est\u00e1 se perguntando: quem infestou o Supremo Tribunal Federal (STF) com o novo coronav\u00edrus? Desde a posse de Luiz Fux na presid\u00eancia da mais alta Corte do pa\u00eds, pelo menos cinco pessoas, incluindo o pr\u00f3prio ministro, foram diagnosticadas com covid-19.<\/h2>\n<p>&nbsp;<\/p>\n<p>Fux foi o primeiro a testar positivo. Depois, dois ministros do Superior Tribunal de Justi\u00e7a (STJ), Lu\u00eds Felipe Salom\u00e3o e Antonio Saldanha, informaram que contra\u00edram a doen\u00e7a. Agora, a presidente do Tribunal Superior do Trabalho (TST), Maria Cristina Peduzzi, informou que est\u00e1 contaminada. A lista \u00e9 engrossada pelo presidente da C\u00e2mara, Rodrigo Maia.<\/p>\n<p>&nbsp;<\/p>\n<p>Peduzzi passou mal na noite de ter\u00e7a-feira (15\/09), com sintomas muito semelhantes aos provocados pelo novo coronav\u00edrus. Ela informou que vinha seguindo todos os protocolos e trabalhando de casa, de onde s\u00f3 saiu para a posse de Fux.<\/p>\n<p>&nbsp;<\/p>\n<p>Segundo Fux, ele pode ter sido contaminado em um almo\u00e7o de fam\u00edlia num fim de semana anterior \u00e0 posse, que ocorreu em 10 de setembro. Mas n\u00e3o tem certeza. Ele teve a preocupa\u00e7\u00e3o de fazer uma cerim\u00f4nia restrita, com menos de 50 convidados. Mas, mesmo assim, o v\u00edrus disseminou-se pelo STF.<\/p>\n<p>&nbsp;<\/p>\n<p>No Supremo, a maioria dos ministros tem mais de 60 anos, ou seja, eles est\u00e3o no grupo de risco para a doen\u00e7a. A idade m\u00e9dia dos convidados para a posse de Fux tamb\u00e9m era elevada. Por isso, a preocupa\u00e7\u00e3o dos especialistas.<\/p>\n<p>&nbsp;<\/p>\n<p>Vale recordar que a viagem do presidente Jair Bolsonaro aos Estados Unidos deixou mais de 20 infectados pelo novo coronav\u00edrus. Naquela ocasi\u00e3o, o presidente disse que testou negativo. Mas, tempos depois, foi diagnosticado com covid-19.<\/p>\n<p>&nbsp;<\/p>\n<p><em>Bras\u00edlia, 11h01min, atualizada \u00e0s 14h25<\/em><\/p>\n","protected":false},"excerpt":{"rendered":"<p>A Esplanada dos Minist\u00e9rios est\u00e1 se perguntando: quem infestou o Supremo Tribunal Federal (STF) com o novo coronav\u00edrus? Desde a posse de Luiz Fux na presid\u00eancia da mais alta Corte do pa\u00eds, pelo menos cinco pessoas, incluindo o pr\u00f3prio ministro, foram diagnosticadas com covid-19. &nbsp; Fux foi o primeiro a testar positivo. Depois, dois ministros [&hellip;]<\/p>\n","protected":false},"author":22,"featured_media":15758,"comment_status":"open","ping_status":"closed","sticky":false,"template":"","format":"standard","meta":{"wpb_read_more":[],"footnotes":""},"categories":[600],"tags":[4501,4915,4661,192],"class_list":["post-15876","post","type-post","status-publish","format-standard","has-post-thumbnail","hentry","category-economia","tag-contaminacao","tag-fux","tag-novo-coronavirus","tag-stf"],"_links":{"self":[{"href":"https:\/\/blogs2.correiobraziliense.com.br\/vicente\/wp-json\/wp\/v2\/posts\/15876","targetHints":{"allow":["GET"]}}],"collection":[{"href":"https:\/\/blogs2.correiobraziliense.com.br\/vicente\/wp-json\/wp\/v2\/posts"}],"about":[{"href":"https:\/\/blogs2.correiobraziliense.com.br\/vicente\/wp-json\/wp\/v2\/types\/post"}],"author":[{"embeddable":true,"href":"https:\/\/blogs2.correiobraziliense.com.br\/vicente\/wp-json\/wp\/v2\/users\/22"}],"replies":[{"embeddable":true,"href":"https:\/\/blogs2.correiobraziliense.com.br\/vicente\/wp-json\/wp\/v2\/comments?post=15876"}],"version-history":[{"count":4,"href":"https:\/\/blogs2.correiobraziliense.com.br\/vicente\/wp-json\/wp\/v2\/posts\/15876\/revisions"}],"predecessor-version":[{"id":15886,"href":"https:\/\/blogs2.correiobraziliense.com.br\/vicente\/wp-json\/wp\/v2\/posts\/15876\/revisions\/15886"}],"wp:featuredmedia":[{"embeddable":true,"href":"https:\/\/blogs2.correiobraziliense.com.br\/vicente\/wp-json\/wp\/v2\/media\/15758"}],"wp:attachment":[{"href":"https:\/\/blogs2.correiobraziliense.com.br\/vicente\/wp-json\/wp\/v2\/media?parent=15876"}],"wp:term":[{"taxonomy":"category","embeddable":true,"href":"https:\/\/blogs2.correiobraziliense.com.br\/vicente\/wp-json\/wp\/v2\/categories?post=15876"},{"taxonomy":"post_tag","embeddable":true,"href":"https:\/\/blogs2.correiobraziliense.com.br\/vicente\/wp-json\/wp\/v2\/tags?post=15876"}],"curies":[{"name":"wp","href":"https:\/\/api.w.org\/{rel}","templated":true}]}}