{"id":15881,"date":"2020-09-16T15:57:16","date_gmt":"2020-09-16T18:57:16","guid":{"rendered":"https:\/\/blogs2.correiobraziliense.com.br\/vicente\/?p=15881"},"modified":"2020-09-16T18:53:10","modified_gmt":"2020-09-16T21:53:10","slug":"sinal-verde-de-bolsonaro-para-novo-programa-social-pega-guedes-de-surpresa","status":"publish","type":"post","link":"https:\/\/blogs2.correiobraziliense.com.br\/vicente\/sinal-verde-de-bolsonaro-para-novo-programa-social-pega-guedes-de-surpresa\/","title":{"rendered":"&#8220;Sinal verde&#8221; de Bolsonaro para novo programa social pega Guedes de surpresa"},"content":{"rendered":"<p>ROSANA HESSEL<\/p>\n<p>&nbsp;<\/p>\n<p>Um dia depois de anunciar que estava cancelando o Renda Brasil, programa de assist\u00eancia social que deveria substituir o Bolsa Fam\u00edlia e criticar a equipe econ\u00f4mica, o presidente Jair Bolsonaro pegou o ministro da Economia, Paulo Guedes de surpresa ao combinar com o senador Marcio Bittar (MDB-AC), um novo programa que dever\u00e1 ser preparado pelo Senado.<\/p>\n<p>&nbsp;<\/p>\n<p>Ao sair do Pal\u00e1cio do Planalto, nesta quarta-feira (16\/09), Bittar confirmou que o presidente &#8220;deu sinal verde&#8221; para que o Senado elabore um novo programa social para substituir o Renda Brasil. O senador emedebista \u00e9 o relator da Proposta de Emenda \u00e0 Constitui\u00e7\u00e3o (PEC) do pacto federativo e est\u00e1 com a relatoria geral do Or\u00e7amento de 2021. O parlamentar tomou caf\u00e9 pela manh\u00e3 com o presidente e participou do almo\u00e7o com a bancada evang\u00e9lica.<\/p>\n<p>&nbsp;<\/p>\n<p>O emedebista est\u00e1 h\u00e1 v\u00e1rios dias preparando um novo relat\u00f3rio para a PEC do pacto federativo, que trata, entre outros assuntos, da desvincula\u00e7\u00e3o de despesas e receitas. Ele pretende juntar o texto com a PEC emergencial, que trata da regulamenta\u00e7\u00e3o dos gatilhos autom\u00e1ticos no caso do descumprimento do teto de gastos e previa inicialmente uma economia para os cofres da Uni\u00e3o de R$ 50 bilh\u00f5es em 10 anos. Bittar disse que o relat\u00f3rio que pretende apresentar na semana que vem incluir\u00e1 o novo programa de assist\u00eancia social.<\/p>\n<p>&nbsp;<\/p>\n<p>&#8220;O que \u00e9 fundamental \u00e9 que, a partir de janeiro, o decreto de calamidade vai ter terminado, mas voc\u00ea tem 20 milh\u00f5es de brasileiros que v\u00e3o continuar desempregados. E o Estado precisa deixar esses brasileiros irem dormir no dia 31 de dezembro tranquilos com o programa j\u00e1 criado, garantindo dignidade humana\u201d, disse Bittar, em nota divulgada pela assessoria.\u00a0O parlamentar tem encontro na tarde de hoje com o ministro da Economia.<\/p>\n<p>&nbsp;<\/p>\n<p>Ontem, em v\u00eddeo nas redes sociais, Bolsonaro deu\u00a0um cart\u00e3o vermelho para quem deu a ideia de congelamento de aposentadorias para incluir Renda Brasil. Paulo Guedes disse que n\u00e3o era com ele e o caldo entornou para o secret\u00e1rio especial de Fazenda, Waldery Rodrigues, que vazou a proposta em uma entrevista ao portal G1.\u00a0 No Minist\u00e9rio da Economia, o clima \u00e9 de tens\u00e3o e todos est\u00e3o na espera sobre o desfecho dessa \u00faltima confus\u00e3o na pasta. N\u00e3o h\u00e1 certeza se Waldery continuar\u00e1 na equipe, mas a pasta mant\u00e9m sil\u00eancio sobre o assunto hoje.<\/p>\n<p>&nbsp;<\/p>\n<p>Vale lembrar, que na proposta or\u00e7ament\u00e1ria enviada pelo governo ao Congresso, n\u00e3o h\u00e1 espa\u00e7o para novas despesas como o Renda Brasil ou outro programa que Bolsonaro queira criar. E, pelas proje\u00e7\u00f5es da Institui\u00e7\u00e3o Fiscal Independente (IFI), ainda ser\u00e3o necess\u00e1rios um corte de R$ 20,4 bilh\u00f5es para que o teto de gastos seja cumprido devidamente. Logo, Bittar vai ter trabalho para arrumar espa\u00e7o fiscal para as novas ambi\u00e7\u00f5es do presidente.<\/p>\n","protected":false},"excerpt":{"rendered":"<p>ROSANA HESSEL &nbsp; Um dia depois de anunciar que estava cancelando o Renda Brasil, programa de assist\u00eancia social que deveria substituir o Bolsa Fam\u00edlia e criticar a equipe econ\u00f4mica, o presidente Jair Bolsonaro pegou o ministro da Economia, Paulo Guedes de surpresa ao combinar com o senador Marcio Bittar (MDB-AC), um novo programa que dever\u00e1 [&hellip;]<\/p>\n","protected":false},"author":22,"featured_media":9818,"comment_status":"open","ping_status":"closed","sticky":false,"template":"","format":"standard","meta":{"wpb_read_more":[],"footnotes":""},"categories":[600],"tags":[2922,4935,549,3613,4694],"class_list":["post-15881","post","type-post","status-publish","format-standard","has-post-thumbnail","hentry","category-economia","tag-jair-bolsonaro","tag-marcio-bittar","tag-orcamento","tag-paulo-guedes","tag-renda-brasil"],"_links":{"self":[{"href":"https:\/\/blogs2.correiobraziliense.com.br\/vicente\/wp-json\/wp\/v2\/posts\/15881","targetHints":{"allow":["GET"]}}],"collection":[{"href":"https:\/\/blogs2.correiobraziliense.com.br\/vicente\/wp-json\/wp\/v2\/posts"}],"about":[{"href":"https:\/\/blogs2.correiobraziliense.com.br\/vicente\/wp-json\/wp\/v2\/types\/post"}],"author":[{"embeddable":true,"href":"https:\/\/blogs2.correiobraziliense.com.br\/vicente\/wp-json\/wp\/v2\/users\/22"}],"replies":[{"embeddable":true,"href":"https:\/\/blogs2.correiobraziliense.com.br\/vicente\/wp-json\/wp\/v2\/comments?post=15881"}],"version-history":[{"count":13,"href":"https:\/\/blogs2.correiobraziliense.com.br\/vicente\/wp-json\/wp\/v2\/posts\/15881\/revisions"}],"predecessor-version":[{"id":15922,"href":"https:\/\/blogs2.correiobraziliense.com.br\/vicente\/wp-json\/wp\/v2\/posts\/15881\/revisions\/15922"}],"wp:featuredmedia":[{"embeddable":true,"href":"https:\/\/blogs2.correiobraziliense.com.br\/vicente\/wp-json\/wp\/v2\/media\/9818"}],"wp:attachment":[{"href":"https:\/\/blogs2.correiobraziliense.com.br\/vicente\/wp-json\/wp\/v2\/media?parent=15881"}],"wp:term":[{"taxonomy":"category","embeddable":true,"href":"https:\/\/blogs2.correiobraziliense.com.br\/vicente\/wp-json\/wp\/v2\/categories?post=15881"},{"taxonomy":"post_tag","embeddable":true,"href":"https:\/\/blogs2.correiobraziliense.com.br\/vicente\/wp-json\/wp\/v2\/tags?post=15881"}],"curies":[{"name":"wp","href":"https:\/\/api.w.org\/{rel}","templated":true}]}}