{"id":15887,"date":"2020-09-16T15:59:34","date_gmt":"2020-09-16T18:59:34","guid":{"rendered":"https:\/\/blogs2.correiobraziliense.com.br\/vicente\/?p=15887"},"modified":"2020-09-18T18:49:40","modified_gmt":"2020-09-18T21:49:40","slug":"mansao-do-lago-sul-e-invadida-por-casal-especialista-em-ocupar-imoveis-vazios","status":"publish","type":"post","link":"https:\/\/blogs2.correiobraziliense.com.br\/vicente\/mansao-do-lago-sul-e-invadida-por-casal-especialista-em-ocupar-imoveis-vazios\/","title":{"rendered":"Mans\u00e3o do Lago Sul \u00e9 invadida por casal especialista em ocupar im\u00f3veis vazios"},"content":{"rendered":"<h2>A vizinhan\u00e7a da QL 18, Conjunto 4, do Lago Sul (foto), o bairro mais nobre de Bras\u00edlia, est\u00e1 em polvorosa. O herdeiro de uma mans\u00e3o avaliada, por baixo, em R$ 2 milh\u00f5es, acusa, na Justi\u00e7a, um casal de ter invadido o im\u00f3vel. A ocupa\u00e7\u00e3o irregular ocorreu da noite para o dia em 10 de janeiro deste ano.<\/h2>\n<p>&nbsp;<\/p>\n<p>Segundo processo ao qual o <strong>Blog<\/strong> teve acesso, o casal acusado de invas\u00e3o de propriedade j\u00e1 respondeu a tr\u00eas processos semelhantes. Em todos, foi obrigado a desocupar as resid\u00eancias e a indenizar os verdadeiros propriet\u00e1rios. O casal tamb\u00e9m foi acusado de estelionato.<\/p>\n<p>&nbsp;<\/p>\n<p>O herdeiro do im\u00f3vel s\u00f3 ficou sabendo da invas\u00e3o depois de finalizar um longo tratamento de sa\u00fade fora de Bras\u00edlia. Ele foi visitar a casa que os pais haviam lhe deixado, mas n\u00e3o conseguiu entrar. Todas as fechaduras tinham sido trocadas.<\/p>\n<p>&nbsp;<\/p>\n<p>Percebendo que havia gente na mans\u00e3o, ele pediu para falar com algu\u00e9m. Um homem apareceu e disse que tinha alugado o im\u00f3vel. O herdeiro questionou a informa\u00e7\u00e3o, pois disse que jamais autorizou o aluguel. Pediu, ent\u00e3o, a c\u00f3pia do contrato. O homem come\u00e7ou a dar sinais de nervosismo e, com medo de viol\u00eancia, o dono da mans\u00e3o foi embora.<\/p>\n<p>&nbsp;<\/p>\n<p><strong>Processo para retomada do im\u00f3vel<\/strong><\/p>\n<p>&nbsp;<\/p>\n<p>Disposto a retomar a mans\u00e3o, que est\u00e1 em lit\u00edgio dentro do processo de divis\u00e3o de bens, o herdeiro recorreu \u00e0 Justi\u00e7a requerendo a reintegra\u00e7\u00e3o de posse. A Justi\u00e7a ainda n\u00e3o deu a senten\u00e7a, mas os advogados do dono do im\u00f3vel se mostram confiantes.<\/p>\n<p>&nbsp;<\/p>\n<p>O casal n\u00e3o est\u00e1 morando sozinho no im\u00f3vel. Os filhos e alguns parentes tamb\u00e9m desfrutam do conforto da casa, como pode ser constatado nas redes sociais do casal. Tanto o homem quanto a mulher postam fotos \u00e0 beira da piscina cercados por drinques. E n\u00e3o economizam nas festas, que atormentam os vizinhos.<\/p>\n<p>&nbsp;<\/p>\n<p>Cientes do que est\u00e1 acontecendo e temerosos em rela\u00e7\u00e3o aos ocupantes da mans\u00e3o, os moradores da QL 18, Conjunto 4, torcem para que a Justi\u00e7a seja r\u00e1pida em sua decis\u00e3o. Para eles, n\u00e3o \u00e9 poss\u00edvel conviver com invasores de propriedade alheia.<\/p>\n<p>&nbsp;<\/p>\n<p><em>Bras\u00edlia, 15h59min<\/em><\/p>\n","protected":false},"excerpt":{"rendered":"<p>A vizinhan\u00e7a da QL 18, Conjunto 4, do Lago Sul (foto), o bairro mais nobre de Bras\u00edlia, est\u00e1 em polvorosa. O herdeiro de uma mans\u00e3o avaliada, por baixo, em R$ 2 milh\u00f5es, acusa, na Justi\u00e7a, um casal de ter invadido o im\u00f3vel. A ocupa\u00e7\u00e3o irregular ocorreu da noite para o dia em 10 de janeiro [&hellip;]<\/p>\n","protected":false},"author":22,"featured_media":15894,"comment_status":"open","ping_status":"closed","sticky":false,"template":"","format":"standard","meta":{"wpb_read_more":[],"footnotes":""},"categories":[600],"tags":[4936,4938,4939,4940,807,3523,4937],"class_list":["post-15887","post","type-post","status-publish","format-standard","has-post-thumbnail","hentry","category-economia","tag-casao","tag-conjunto-4","tag-estelionato","tag-herdeiro","tag-invasao","tag-lago-sul","tag-ql18"],"_links":{"self":[{"href":"https:\/\/blogs2.correiobraziliense.com.br\/vicente\/wp-json\/wp\/v2\/posts\/15887","targetHints":{"allow":["GET"]}}],"collection":[{"href":"https:\/\/blogs2.correiobraziliense.com.br\/vicente\/wp-json\/wp\/v2\/posts"}],"about":[{"href":"https:\/\/blogs2.correiobraziliense.com.br\/vicente\/wp-json\/wp\/v2\/types\/post"}],"author":[{"embeddable":true,"href":"https:\/\/blogs2.correiobraziliense.com.br\/vicente\/wp-json\/wp\/v2\/users\/22"}],"replies":[{"embeddable":true,"href":"https:\/\/blogs2.correiobraziliense.com.br\/vicente\/wp-json\/wp\/v2\/comments?post=15887"}],"version-history":[{"count":8,"href":"https:\/\/blogs2.correiobraziliense.com.br\/vicente\/wp-json\/wp\/v2\/posts\/15887\/revisions"}],"predecessor-version":[{"id":15949,"href":"https:\/\/blogs2.correiobraziliense.com.br\/vicente\/wp-json\/wp\/v2\/posts\/15887\/revisions\/15949"}],"wp:featuredmedia":[{"embeddable":true,"href":"https:\/\/blogs2.correiobraziliense.com.br\/vicente\/wp-json\/wp\/v2\/media\/15894"}],"wp:attachment":[{"href":"https:\/\/blogs2.correiobraziliense.com.br\/vicente\/wp-json\/wp\/v2\/media?parent=15887"}],"wp:term":[{"taxonomy":"category","embeddable":true,"href":"https:\/\/blogs2.correiobraziliense.com.br\/vicente\/wp-json\/wp\/v2\/categories?post=15887"},{"taxonomy":"post_tag","embeddable":true,"href":"https:\/\/blogs2.correiobraziliense.com.br\/vicente\/wp-json\/wp\/v2\/tags?post=15887"}],"curies":[{"name":"wp","href":"https:\/\/api.w.org\/{rel}","templated":true}]}}