{"id":15923,"date":"2020-09-16T19:31:08","date_gmt":"2020-09-16T22:31:08","guid":{"rendered":"https:\/\/blogs2.correiobraziliense.com.br\/vicente\/?p=15923"},"modified":"2020-09-16T21:54:23","modified_gmt":"2020-09-17T00:54:23","slug":"nata-da-sociedade-de-brasilia-que-esteve-com-maia-em-casamento-corre-para-fazer-exame-da-covid","status":"publish","type":"post","link":"https:\/\/blogs2.correiobraziliense.com.br\/vicente\/nata-da-sociedade-de-brasilia-que-esteve-com-maia-em-casamento-corre-para-fazer-exame-da-covid\/","title":{"rendered":"Nata da sociedade de Bras\u00edlia que esteve com Maia em casamento corre para fazer exame da covid"},"content":{"rendered":"<h2>Assim que o presidente da C\u00e2mara, Rodrigo Maia, confirmou que est\u00e1 com covid-19, os telefones de autoridades e da nata da sociedade de Bras\u00edlia n\u00e3o pararam de tocar. Do outro lado da linha, a pergunta que mais se ouvia: voc\u00ea chegou perto de Maia no casamento do \u00faltimo s\u00e1bado (12\/09)?<\/h2>\n<p>&nbsp;<\/p>\n<p>Boa parte dos aflitos cumprimentou o presidente da C\u00e2mara. Ele estava numa mesa central na festa de casamento de Anna Carolina, filha do ministro Jo\u00e3o Ot\u00e1vio de Noronha, ex-presidente do Superior Tribunal de Justi\u00e7a (STJ), com o empres\u00e1rio Eduardo Oliveira. A recep\u00e7\u00e3o foi na casa do noivo, na QI 5 do Lago Sul.<\/p>\n<p>&nbsp;<\/p>\n<p>Apesar de todos os cuidados tomados pelos organizadores da festa \u2014 foram distribu\u00eddas m\u00e1scaras e havia \u00e1lcool em gel por toda casa \u2014, depois que as autoridades presentes, incluindo Maia, se sentiram \u00e0 vontade para ficar sem m\u00e1scaras, todo mundo se liberou.<\/p>\n<p>&nbsp;<\/p>\n<p>Agora, h\u00e1 uma correria danada entre os presentes no casamento para fazer exames. A suspeita \u00e9 de que Maia tenha pegado o novo coronav\u00edrus na posse do ministro Luiz Fux na presid\u00eancia do Supremo Tribunal Federal (STF). Pelo menos cinco pessoas que estiveram no STF na quinta-feira passada (10\/09) j\u00e1 foram diagnosticadas com covid-19.<\/p>\n<p>&nbsp;<\/p>\n<p><em>Bras\u00edlia, 19h31min<\/em><\/p>\n","protected":false},"excerpt":{"rendered":"<p>Assim que o presidente da C\u00e2mara, Rodrigo Maia, confirmou que est\u00e1 com covid-19, os telefones de autoridades e da nata da sociedade de Bras\u00edlia n\u00e3o pararam de tocar. Do outro lado da linha, a pergunta que mais se ouvia: voc\u00ea chegou perto de Maia no casamento do \u00faltimo s\u00e1bado (12\/09)? &nbsp; Boa parte dos aflitos [&hellip;]<\/p>\n","protected":false},"author":22,"featured_media":11282,"comment_status":"open","ping_status":"closed","sticky":false,"template":"","format":"standard","meta":{"wpb_read_more":[],"footnotes":""},"categories":[600],"tags":[3455,4715,4661,656],"class_list":["post-15923","post","type-post","status-publish","format-standard","has-post-thumbnail","hentry","category-economia","tag-casamento","tag-covid","tag-novo-coronavirus","tag-rodrigo-maia"],"_links":{"self":[{"href":"https:\/\/blogs2.correiobraziliense.com.br\/vicente\/wp-json\/wp\/v2\/posts\/15923","targetHints":{"allow":["GET"]}}],"collection":[{"href":"https:\/\/blogs2.correiobraziliense.com.br\/vicente\/wp-json\/wp\/v2\/posts"}],"about":[{"href":"https:\/\/blogs2.correiobraziliense.com.br\/vicente\/wp-json\/wp\/v2\/types\/post"}],"author":[{"embeddable":true,"href":"https:\/\/blogs2.correiobraziliense.com.br\/vicente\/wp-json\/wp\/v2\/users\/22"}],"replies":[{"embeddable":true,"href":"https:\/\/blogs2.correiobraziliense.com.br\/vicente\/wp-json\/wp\/v2\/comments?post=15923"}],"version-history":[{"count":3,"href":"https:\/\/blogs2.correiobraziliense.com.br\/vicente\/wp-json\/wp\/v2\/posts\/15923\/revisions"}],"predecessor-version":[{"id":15926,"href":"https:\/\/blogs2.correiobraziliense.com.br\/vicente\/wp-json\/wp\/v2\/posts\/15923\/revisions\/15926"}],"wp:featuredmedia":[{"embeddable":true,"href":"https:\/\/blogs2.correiobraziliense.com.br\/vicente\/wp-json\/wp\/v2\/media\/11282"}],"wp:attachment":[{"href":"https:\/\/blogs2.correiobraziliense.com.br\/vicente\/wp-json\/wp\/v2\/media?parent=15923"}],"wp:term":[{"taxonomy":"category","embeddable":true,"href":"https:\/\/blogs2.correiobraziliense.com.br\/vicente\/wp-json\/wp\/v2\/categories?post=15923"},{"taxonomy":"post_tag","embeddable":true,"href":"https:\/\/blogs2.correiobraziliense.com.br\/vicente\/wp-json\/wp\/v2\/tags?post=15923"}],"curies":[{"name":"wp","href":"https:\/\/api.w.org\/{rel}","templated":true}]}}