{"id":16042,"date":"2020-09-25T13:35:33","date_gmt":"2020-09-25T16:35:33","guid":{"rendered":"https:\/\/blogs2.correiobraziliense.com.br\/vicente\/?p=16042"},"modified":"2020-09-28T12:45:06","modified_gmt":"2020-09-28T15:45:06","slug":"tcu-tambem-deu-aumento-a-quase-40-servidores-por-meio-de-promocoes-agu-recuou","status":"publish","type":"post","link":"https:\/\/blogs2.correiobraziliense.com.br\/vicente\/tcu-tambem-deu-aumento-a-quase-40-servidores-por-meio-de-promocoes-agu-recuou\/","title":{"rendered":"TCU tamb\u00e9m deu aumento a quase 40 servidores por meio de promo\u00e7\u00f5es. AGU recuou"},"content":{"rendered":"<h2>O Tribunal de Contas da Uni\u00e3o (TCU), respons\u00e1vel por fiscalizar as contas p\u00fablicas, tamb\u00e9m deu uma s\u00e9rie de promo\u00e7\u00f5es para seus funcion\u00e1rios, garantindo reajustes de sal\u00e1rios. Segundo a\u00a0Portaria-Segep n\u00ba 88, de 11 de setembro de 2020, 39 servidores se beneficiaram da chamada progress\u00e3o funcional. O TCU tem 1.600 auditores.<\/h2>\n<p>&nbsp;<\/p>\n<p><a href=\"https:\/\/blogs2.correiobraziliense.com.br\/vicente\/wp-content\/uploads\/sites\/16\/2020\/09\/TCUtabela.jpg\"><img loading=\"lazy\" decoding=\"async\" class=\"alignnone size-full wp-image-16045\" src=\"https:\/\/blogs2.correiobraziliense.com.br\/vicente\/wp-content\/uploads\/sites\/16\/2020\/09\/TCUtabela.jpg\" alt=\"\" width=\"720\" height=\"494\" srcset=\"https:\/\/blogs2.correiobraziliense.com.br\/vicente\/wp-content\/uploads\/sites\/16\/2020\/09\/TCUtabela.jpg 720w, https:\/\/blogs2.correiobraziliense.com.br\/vicente\/wp-content\/uploads\/sites\/16\/2020\/09\/TCUtabela-300x206.jpg 300w, https:\/\/blogs2.correiobraziliense.com.br\/vicente\/wp-content\/uploads\/sites\/16\/2020\/09\/TCUtabela-550x377.jpg 550w, https:\/\/blogs2.correiobraziliense.com.br\/vicente\/wp-content\/uploads\/sites\/16\/2020\/09\/TCUtabela-230x158.jpg 230w\" sizes=\"auto, (max-width: 720px) 100vw, 720px\" \/><\/a><\/p>\n<p>&nbsp;<\/p>\n<p><a href=\"https:\/\/blogs2.correiobraziliense.com.br\/vicente\/wp-content\/uploads\/sites\/16\/2020\/09\/TCUtabela1.jpg\"><img loading=\"lazy\" decoding=\"async\" class=\"alignnone size-full wp-image-16046\" src=\"https:\/\/blogs2.correiobraziliense.com.br\/vicente\/wp-content\/uploads\/sites\/16\/2020\/09\/TCUtabela1.jpg\" alt=\"\" width=\"720\" height=\"359\" srcset=\"https:\/\/blogs2.correiobraziliense.com.br\/vicente\/wp-content\/uploads\/sites\/16\/2020\/09\/TCUtabela1.jpg 720w, https:\/\/blogs2.correiobraziliense.com.br\/vicente\/wp-content\/uploads\/sites\/16\/2020\/09\/TCUtabela1-300x150.jpg 300w, https:\/\/blogs2.correiobraziliense.com.br\/vicente\/wp-content\/uploads\/sites\/16\/2020\/09\/TCUtabela1-550x274.jpg 550w, https:\/\/blogs2.correiobraziliense.com.br\/vicente\/wp-content\/uploads\/sites\/16\/2020\/09\/TCUtabela1-230x115.jpg 230w\" sizes=\"auto, (max-width: 720px) 100vw, 720px\" \/><\/a><\/p>\n<p>&nbsp;<\/p>\n<p>A decis\u00e3o do TCU contrasta com o movimento feito pelo\u00a0subprocurador-geral do Minist\u00e9rio P\u00fablico junto ao Tribunal Lucas Rocha Furtado, que pediu\u00a0uma liminar para suspender o aumento salarial que foi concedido a 607 procuradores-federais promovidos pela Advocacia-Geral da Uni\u00e3o (AGU).<\/p>\n<p>&nbsp;<\/p>\n<p>Furtado considerou a a\u00e7\u00e3o da AGU \u201cinoportuna e indecorosa\u201d, mas nada fez em rela\u00e7\u00e3o aos colegas do \u00f3rg\u00e3o no qual est\u00e1 lotado. Esse comportamento est\u00e1 criando constrangimento em todo o governo. O procurador esta sendo visto como oportunista.<\/p>\n<p>&nbsp;<\/p>\n<p><strong>Servidores dizem que lei prev\u00ea reajustes<\/strong><\/p>\n<p>&nbsp;<\/p>\n<p>Entre os servidores do TCU, a explica\u00e7\u00e3o \u00e9 de que a progress\u00e3o funcional est\u00e1 prevista na\u00a0Lei n\u00b0 12.776, de 28 de dezembro de 2012, e no Artigo 2\u00ba da Portaria n\u00ba 165, do Tribunal, de 1\u00ba de julho de 2013. Eles ressaltam que, se o TCU n\u00e3o fizesse as promo\u00e7\u00f5es, os servidores poderiam recorrer \u00e0 Justi\u00e7a.<\/p>\n<p>&nbsp;<\/p>\n<p>Os mesmos servidores do TCU explicam que, tanto as promo\u00e7\u00f5es dada pelo \u00f3rg\u00e3o quanto a que foi tentada pela AGU \u2014 607 procuradores federais seriam beneficiados, com os sal\u00e1rios passando de R$ 21 mil para R$ 27,3 mil \u2014, poderiam ter sido evitadas se o Congresso Nacional avalizado uma proposta nesse sentido quando da aprova\u00e7\u00e3o, em maio, da Lei Complementar 173.<\/p>\n<p>&nbsp;<\/p>\n<p>A legisla\u00e7\u00e3o trata de a\u00e7\u00f5es emergenciais de enfrentamento da pandemia da covid-19. A proposta para que todas as promo\u00e7\u00f5es de servidores fossem suspensas n\u00e3o passou por causa do lobby feito pelos militares. Eles, que foram beneficiados, alegaram aos parlamentares que n\u00e3o era o momento de mexer nesse vespeiro.<\/p>\n<p>&nbsp;<\/p>\n<p><em>Bras\u00edlia, 13h35min<\/em><\/p>\n","protected":false},"excerpt":{"rendered":"<p>O Tribunal de Contas da Uni\u00e3o (TCU), respons\u00e1vel por fiscalizar as contas p\u00fablicas, tamb\u00e9m deu uma s\u00e9rie de promo\u00e7\u00f5es para seus funcion\u00e1rios, garantindo reajustes de sal\u00e1rios. Segundo a\u00a0Portaria-Segep n\u00ba 88, de 11 de setembro de 2020, 39 servidores se beneficiaram da chamada progress\u00e3o funcional. O TCU tem 1.600 auditores. &nbsp; &nbsp; &nbsp; A decis\u00e3o do [&hellip;]<\/p>\n","protected":false},"author":22,"featured_media":16044,"comment_status":"open","ping_status":"closed","sticky":false,"template":"","format":"standard","meta":{"wpb_read_more":[],"footnotes":""},"categories":[600],"tags":[589,546,2787,830,4968],"class_list":["post-16042","post","type-post","status-publish","format-standard","has-post-thumbnail","hentry","category-economia","tag-economia","tag-funcionalismo","tag-politica","tag-setor-publico","tag-tcu-deu-aumento-a-servidores"],"_links":{"self":[{"href":"https:\/\/blogs2.correiobraziliense.com.br\/vicente\/wp-json\/wp\/v2\/posts\/16042","targetHints":{"allow":["GET"]}}],"collection":[{"href":"https:\/\/blogs2.correiobraziliense.com.br\/vicente\/wp-json\/wp\/v2\/posts"}],"about":[{"href":"https:\/\/blogs2.correiobraziliense.com.br\/vicente\/wp-json\/wp\/v2\/types\/post"}],"author":[{"embeddable":true,"href":"https:\/\/blogs2.correiobraziliense.com.br\/vicente\/wp-json\/wp\/v2\/users\/22"}],"replies":[{"embeddable":true,"href":"https:\/\/blogs2.correiobraziliense.com.br\/vicente\/wp-json\/wp\/v2\/comments?post=16042"}],"version-history":[{"count":1,"href":"https:\/\/blogs2.correiobraziliense.com.br\/vicente\/wp-json\/wp\/v2\/posts\/16042\/revisions"}],"predecessor-version":[{"id":16047,"href":"https:\/\/blogs2.correiobraziliense.com.br\/vicente\/wp-json\/wp\/v2\/posts\/16042\/revisions\/16047"}],"wp:featuredmedia":[{"embeddable":true,"href":"https:\/\/blogs2.correiobraziliense.com.br\/vicente\/wp-json\/wp\/v2\/media\/16044"}],"wp:attachment":[{"href":"https:\/\/blogs2.correiobraziliense.com.br\/vicente\/wp-json\/wp\/v2\/media?parent=16042"}],"wp:term":[{"taxonomy":"category","embeddable":true,"href":"https:\/\/blogs2.correiobraziliense.com.br\/vicente\/wp-json\/wp\/v2\/categories?post=16042"},{"taxonomy":"post_tag","embeddable":true,"href":"https:\/\/blogs2.correiobraziliense.com.br\/vicente\/wp-json\/wp\/v2\/tags?post=16042"}],"curies":[{"name":"wp","href":"https:\/\/api.w.org\/{rel}","templated":true}]}}