{"id":16060,"date":"2020-09-26T18:38:59","date_gmt":"2020-09-26T21:38:59","guid":{"rendered":"https:\/\/blogs2.correiobraziliense.com.br\/vicente\/?p=16060"},"modified":"2020-09-26T19:33:52","modified_gmt":"2020-09-26T22:33:52","slug":"seis-empresas-devem-participar-da-privatizacao-da-ceb-distribuicao","status":"publish","type":"post","link":"https:\/\/blogs2.correiobraziliense.com.br\/vicente\/seis-empresas-devem-participar-da-privatizacao-da-ceb-distribuicao\/","title":{"rendered":"Seis empresas devem participar da privatiza\u00e7\u00e3o da CEB Distribui\u00e7\u00e3o"},"content":{"rendered":"<h2>Pelo menos seis empresas \u2014 CPFL, Neonergia, Equatorial, Energisa, Enel e EDP, quase todas controladas por capital estrangeiro \u2014 v\u00e3o disputar o controle da CEB Distribui\u00e7\u00e3o, companhia respons\u00e1vel por garantir o fornecimento a 1,1 milh\u00e3o de consumidores do Distrito Federal. <a href=\"https:\/\/blogs2.correiobraziliense.com.br\/vicente\/preco-minimo-para-a-privatizacao-da-ceb-distribuicao-foi-fixado-em-r-1424-bilhao\/\">O pre\u00e7o m\u00ednimo de venda da distribuidora foi fixado em R$ 1,424 bilh\u00e3o<\/a>, conforme duas avalia\u00e7\u00f5es econ\u00f4mico-financeiras contratadas pelo Banco Nacional de Desenvolvimento Econ\u00f4mico e Social (BNDES).<\/h2>\n<p>&nbsp;<\/p>\n<p>Para se ter uma ideia do interesse pela CB Distribui\u00e7\u00e3o, somente a CPFL contratou 200 pessoas para avaliar a companhia. H\u00e1 um data room funcionando, nos qual todos os interessados em participar do processo de privatiza\u00e7\u00e3o podem acessar dados da estatal. O grande interesse pela distribuidora faz com que Governo do Distrito Federal (GDF) trabalhe com um grande \u00e1gio sobre o pre\u00e7o m\u00ednimo de venda.<\/p>\n<p>&nbsp;<\/p>\n<p>O dinheiro arrecadado com o leil\u00e3o da CEB Distribui\u00e7\u00e3o, que deve ocorrer ainda neste ano \u2014 foi convocada uma assembleia de acionistas para 13 de outubro, que avalizar\u00e1 o pre\u00e7o de venda \u2014 ser\u00e1 transferido para a CEB Holding, da qual o GDF tem 80% das a\u00e7\u00f5es e o mercado, 20%. Os recursos da opera\u00e7\u00e3o ser\u00e3o distribu\u00eddos em forma de dividendos.<\/p>\n<p>&nbsp;<\/p>\n<p>Est\u00e1 definido, tamb\u00e9m, que, com o dinheiro da privatiza\u00e7\u00e3o, a holding quitar\u00e1 um empr\u00e9stimo de R$ 173 milh\u00f5es feito para ajudar a CEB Distribui\u00e7\u00e3o. Assim, a controladora ficar\u00e1 sem qualquer endividamento, podendo concentrar seus neg\u00f3cios em ilumina\u00e7\u00e3o p\u00fablica e na gera\u00e7\u00e3o de energia, opera\u00e7\u00e3o que rende entre R$ 80 milh\u00f5es e R$ 90 milh\u00f5es por ano em lucro.<\/p>\n<p>&nbsp;<\/p>\n<p><strong>Ser\u00e1 criada empresa de ilumina\u00e7\u00e3o p\u00fablica<\/strong><\/p>\n<p>&nbsp;<\/p>\n<p>No processo de privatiza\u00e7\u00e3o da CEB Distribui\u00e7\u00e3o haver\u00e1 uma cis\u00e3o. Quer dizer: ser\u00e1 criada uma empresa, que incorporar\u00e1 todo o servi\u00e7o de ilumina\u00e7\u00e3o p\u00fablica. Essa estrutura ficar\u00e1 com a CEB Holding. A futura empresa, a CEB Ilumina\u00e7\u00e3o P\u00fablica, incorporar\u00e1 100 empregados que est\u00e3o hoje na distribuidora para as \u00e1reas administrativa e de presta\u00e7\u00e3o de servi\u00e7os.<\/p>\n<p>&nbsp;<\/p>\n<p>Antes de ser privatizada, a CEB Distribui\u00e7\u00e3o quitar\u00e1, ainda em outubro, o restante de uma d\u00edvida de R$ 350 milh\u00f5es com o GDF, referente a Imposto sobre Circula\u00e7\u00e3o de Servi\u00e7os e Mercadorias (ICMS). Dos R$ 345 milh\u00f5es, R$ 200 milh\u00f5es j\u00e1 foram pagos.<\/p>\n<p>&nbsp;<\/p>\n<p>Al\u00e9m de honrar esses compromissos, a CEB Distribui\u00e7\u00e3o est\u00e1 tendo de lidar com os efeitos da pandemia do novo coronav\u00edrus. Cerca de 230 mil consumidores deixaram de pagar as contas de luz em dia. S\u00e3o R$ 120 milh\u00f5es a menos de receitas por m\u00eas. O fornecimento n\u00e3o pode se cortado por decis\u00e3o da Ag\u00eancia Nacional de Energia El\u00e9trica (Aneel).<\/p>\n<p>&nbsp;<\/p>\n<p>A distribuidora, no entanto, continua pagando entre R$ 260 milh\u00f5es e R$ 270 milh\u00f5es por m\u00eas pela compra da energia el\u00e9trica que distribuiu aos consumidores. Esse descompasso, por sinal, fez com que a empresa reduzisse de R$ 158 milh\u00f5es para R$ 100 milh\u00f5es os investimentos previstos para este ano. \u00c9 poss\u00edvel que nem os R$ 100 milh\u00f5es sejam cumpridos.<\/p>\n<p>&nbsp;<\/p>\n<p><em>Bras\u00edlia, 18h38min<\/em><\/p>\n","protected":false},"excerpt":{"rendered":"<p>Pelo menos seis empresas \u2014 CPFL, Neonergia, Equatorial, Energisa, Enel e EDP, quase todas controladas por capital estrangeiro \u2014 v\u00e3o disputar o controle da CEB Distribui\u00e7\u00e3o, companhia respons\u00e1vel por garantir o fornecimento a 1,1 milh\u00e3o de consumidores do Distrito Federal. O pre\u00e7o m\u00ednimo de venda da distribuidora foi fixado em R$ 1,424 bilh\u00e3o, conforme duas [&hellip;]<\/p>\n","protected":false},"author":22,"featured_media":16061,"comment_status":"open","ping_status":"closed","sticky":false,"template":"","format":"standard","meta":{"wpb_read_more":[],"footnotes":""},"categories":[600],"tags":[],"class_list":["post-16060","post","type-post","status-publish","format-standard","has-post-thumbnail","hentry","category-economia"],"_links":{"self":[{"href":"https:\/\/blogs2.correiobraziliense.com.br\/vicente\/wp-json\/wp\/v2\/posts\/16060","targetHints":{"allow":["GET"]}}],"collection":[{"href":"https:\/\/blogs2.correiobraziliense.com.br\/vicente\/wp-json\/wp\/v2\/posts"}],"about":[{"href":"https:\/\/blogs2.correiobraziliense.com.br\/vicente\/wp-json\/wp\/v2\/types\/post"}],"author":[{"embeddable":true,"href":"https:\/\/blogs2.correiobraziliense.com.br\/vicente\/wp-json\/wp\/v2\/users\/22"}],"replies":[{"embeddable":true,"href":"https:\/\/blogs2.correiobraziliense.com.br\/vicente\/wp-json\/wp\/v2\/comments?post=16060"}],"version-history":[{"count":2,"href":"https:\/\/blogs2.correiobraziliense.com.br\/vicente\/wp-json\/wp\/v2\/posts\/16060\/revisions"}],"predecessor-version":[{"id":16064,"href":"https:\/\/blogs2.correiobraziliense.com.br\/vicente\/wp-json\/wp\/v2\/posts\/16060\/revisions\/16064"}],"wp:featuredmedia":[{"embeddable":true,"href":"https:\/\/blogs2.correiobraziliense.com.br\/vicente\/wp-json\/wp\/v2\/media\/16061"}],"wp:attachment":[{"href":"https:\/\/blogs2.correiobraziliense.com.br\/vicente\/wp-json\/wp\/v2\/media?parent=16060"}],"wp:term":[{"taxonomy":"category","embeddable":true,"href":"https:\/\/blogs2.correiobraziliense.com.br\/vicente\/wp-json\/wp\/v2\/categories?post=16060"},{"taxonomy":"post_tag","embeddable":true,"href":"https:\/\/blogs2.correiobraziliense.com.br\/vicente\/wp-json\/wp\/v2\/tags?post=16060"}],"curies":[{"name":"wp","href":"https:\/\/api.w.org\/{rel}","templated":true}]}}