{"id":16077,"date":"2020-09-29T09:39:49","date_gmt":"2020-09-29T12:39:49","guid":{"rendered":"https:\/\/blogs2.correiobraziliense.com.br\/vicente\/?p=16077"},"modified":"2020-09-29T10:11:26","modified_gmt":"2020-09-29T13:11:26","slug":"a-incrivel-metamorfose-de-paulo-mantega-guedes","status":"publish","type":"post","link":"https:\/\/blogs2.correiobraziliense.com.br\/vicente\/a-incrivel-metamorfose-de-paulo-mantega-guedes\/","title":{"rendered":"A incr\u00edvel metamorfose de Paulo Mantega Guedes"},"content":{"rendered":"<h2>Investidores que acompanham com lupa as a\u00e7\u00f5es do governo est\u00e3o at\u00f4nitos com a metamorfose do ministro da Economia. Ela j\u00e1 \u00e9 chamado pelos donos do dinheiro de Paulo Mantega Guedes. O atual chefe da equipe econ\u00f4mica est\u00e1 mais parecido do que nunca com o Guido Mantega dos governos petistas.<\/h2>\n<p>&nbsp;<\/p>\n<p>&#8220;Guedes est\u00e1 rasgando a biografia de liberal&#8221;, diz um dos gestores de um dos maiores fundos de investimentos estrangeiros com atua\u00e7\u00e3o no Brasil. &#8220;Ele chegou ao governo prometendo uma revolu\u00e7\u00e3o, mas o que se v\u00ea \u00e9 que, aos poucos, foi sendo engolido pela m\u00e1quina e, agora, pelo Congresso&#8221;, acrescenta.<\/p>\n<p>&nbsp;<\/p>\n<p>Na vis\u00e3o dos investidores, n\u00e3o bastasse a persegui\u00e7\u00e3o aos mais pobres \u2014 foram muitas as propostas do Minist\u00e9rio da Economia para punir as pessoas de baixa renda \u2014, o ministro passou a ser associado a calote ao propor o uso de recursos para o pagamento de precat\u00f3rios (d\u00edvidas da Uni\u00e3o reconhecidas pela Justi\u00e7a) para bancar o programa social do presidente Jair Bolsonaro, o Renda Cidad\u00e3.<\/p>\n<p>&nbsp;<\/p>\n<p>&#8220;Era s\u00f3 o que faltava para Guedes. Virou caloteiro&#8221;, enfatiza outro gestor de fortunas. Diante disso, ressalta ele, os investidores v\u00e3o cobrar cada vez mais caro para financiar a d\u00edvida p\u00fablica. &#8220;Com a situa\u00e7\u00e3o fiscal se deteriorando, o risco de calote por parte do Tesouro Nacional entrou com tudo no radar do mercado&#8221;, assinala.<\/p>\n<p>&nbsp;<\/p>\n<p><strong>Ministro subserviente<\/strong><\/p>\n<p>&nbsp;<\/p>\n<p>Para os donos do dinheiro, Guedes se perdeu por completo. J\u00e1 n\u00e3o tinha a simpatia da popula\u00e7\u00e3o mais pobre. Agora, destruiu a credibilidade que dispunha no mercado financeiro. &#8220;O ministro se mostrou in\u00e1bil, subserviente e disposto a tudo para se manter no poder, inclusive, rasgar a biografia dele&#8221;, frisa outro operador.<\/p>\n<p>&nbsp;<\/p>\n<p>A metamorfose de Guedes, acreditam os investidores, ficou clara diante da \u00e2nsia do ministro em tentar isolar o presidente da C\u00e2mara, Rodrigo Maia, com quem trava uma batalha, nas negocia\u00e7\u00f5es entre o governo e o Congresso. N\u00e3o s\u00f3 abra\u00e7ou o populismo de Bolsonaro, como foi engolido pelo Centr\u00e3o. Guedes &#8220;mantegou&#8221; de vez.<\/p>\n<p>&nbsp;<\/p>\n<p><em>Bras\u00edlia, 09h39min<\/em><\/p>\n","protected":false},"excerpt":{"rendered":"<p>Investidores que acompanham com lupa as a\u00e7\u00f5es do governo est\u00e3o at\u00f4nitos com a metamorfose do ministro da Economia. Ela j\u00e1 \u00e9 chamado pelos donos do dinheiro de Paulo Mantega Guedes. O atual chefe da equipe econ\u00f4mica est\u00e1 mais parecido do que nunca com o Guido Mantega dos governos petistas. &nbsp; &#8220;Guedes est\u00e1 rasgando a biografia [&hellip;]<\/p>\n","protected":false},"author":22,"featured_media":16078,"comment_status":"open","ping_status":"closed","sticky":false,"template":"","format":"standard","meta":{"wpb_read_more":[],"footnotes":""},"categories":[600],"tags":[589,4943,4970,2787],"class_list":["post-16077","post","type-post","status-publish","format-standard","has-post-thumbnail","hentry","category-economia","tag-economia","tag-financas","tag-guedes-mais-parecido-com-mantega","tag-politica"],"_links":{"self":[{"href":"https:\/\/blogs2.correiobraziliense.com.br\/vicente\/wp-json\/wp\/v2\/posts\/16077","targetHints":{"allow":["GET"]}}],"collection":[{"href":"https:\/\/blogs2.correiobraziliense.com.br\/vicente\/wp-json\/wp\/v2\/posts"}],"about":[{"href":"https:\/\/blogs2.correiobraziliense.com.br\/vicente\/wp-json\/wp\/v2\/types\/post"}],"author":[{"embeddable":true,"href":"https:\/\/blogs2.correiobraziliense.com.br\/vicente\/wp-json\/wp\/v2\/users\/22"}],"replies":[{"embeddable":true,"href":"https:\/\/blogs2.correiobraziliense.com.br\/vicente\/wp-json\/wp\/v2\/comments?post=16077"}],"version-history":[{"count":1,"href":"https:\/\/blogs2.correiobraziliense.com.br\/vicente\/wp-json\/wp\/v2\/posts\/16077\/revisions"}],"predecessor-version":[{"id":16079,"href":"https:\/\/blogs2.correiobraziliense.com.br\/vicente\/wp-json\/wp\/v2\/posts\/16077\/revisions\/16079"}],"wp:featuredmedia":[{"embeddable":true,"href":"https:\/\/blogs2.correiobraziliense.com.br\/vicente\/wp-json\/wp\/v2\/media\/16078"}],"wp:attachment":[{"href":"https:\/\/blogs2.correiobraziliense.com.br\/vicente\/wp-json\/wp\/v2\/media?parent=16077"}],"wp:term":[{"taxonomy":"category","embeddable":true,"href":"https:\/\/blogs2.correiobraziliense.com.br\/vicente\/wp-json\/wp\/v2\/categories?post=16077"},{"taxonomy":"post_tag","embeddable":true,"href":"https:\/\/blogs2.correiobraziliense.com.br\/vicente\/wp-json\/wp\/v2\/tags?post=16077"}],"curies":[{"name":"wp","href":"https:\/\/api.w.org\/{rel}","templated":true}]}}