{"id":16080,"date":"2020-09-29T12:45:39","date_gmt":"2020-09-29T15:45:39","guid":{"rendered":"https:\/\/blogs2.correiobraziliense.com.br\/vicente\/?p=16080"},"modified":"2020-09-29T12:48:21","modified_gmt":"2020-09-29T15:48:21","slug":"guedes-o-colecionador-de-criticas-e-o-dono-da-bola-quadrada","status":"publish","type":"post","link":"https:\/\/blogs2.correiobraziliense.com.br\/vicente\/guedes-o-colecionador-de-criticas-e-o-dono-da-bola-quadrada\/","title":{"rendered":"Guedes, o colecionador de cr\u00edticas e o dono da &#8220;bola quadrada&#8221;"},"content":{"rendered":"<div class=\"gs\">\n<div class=\"\">\n<div id=\":36k\" class=\"ii gt\">\n<div id=\":36l\" class=\"a3s aXjCH \">\n<div dir=\"ltr\">\n<div dir=\"ltr\">\n<div id=\"m_2075558834362048350gmail-:187\">\n<div id=\"m_2075558834362048350gmail-:186\">\n<div dir=\"ltr\">\n<div dir=\"ltr\">\n<p dir=\"ltr\">ROSANA HESSEL<\/p>\n<p dir=\"ltr\">Enquanto tenta se equilibrar no governo em meio \u00e0s cr\u00edticas em p\u00fablico do presidente Jair Bolsonaro e \u00e0s puxadas de tapete, o ministro da Economia, Paulo Guedes, vem colecionado cr\u00edticas por n\u00e3o conseguir implementar a agenda liberal que prometeu durante a campanha. Nesses quase dois anos \u00e0 frente da pasta, apresenta mais derrotas do que vit\u00f3rias e uma fama crescente do ministro, segundo eles, \u00e9 que ele entrega sempre a &#8220;bola quadrada&#8221; para o Congresso.<\/p>\n<p dir=\"ltr\">\n<\/div>\n<div id=\":36k\" class=\"ii gt\">\n<div id=\":36l\" class=\"a3s aXjCH \">\n<div dir=\"ltr\">\n<div dir=\"ltr\">\n<div id=\"m_2075558834362048350gmail-:187\">\n<div id=\"m_2075558834362048350gmail-:186\">\n<div dir=\"ltr\">\n<div dir=\"ltr\">\n<p dir=\"ltr\">De acordo com t\u00e9cnicos do Congresso e parlamentares, h\u00e1 muito problema de reda\u00e7\u00e3o, praticamente, em todas as mat\u00e9rias enviadas pela equipe econ\u00f4mica. At\u00e9 o presidente da C\u00e2mara, Rodrigo Maia (DEM-RJ), tem se queixado para parlamentares e para economistas sobre os problemas redacionais das propostas envidas por Guedes Um dos textos com problema foi a proposta da reforma administrativa, segundo eles, que n\u00e3o veio sequer com uma previs\u00e3o fact\u00edvel de impacto fiscal.<\/p>\n<p dir=\"ltr\">As cr\u00edticas de parlamentares e t\u00e9cnicos s\u00e3o de que as propostas n\u00e3o passam por uma boa avalia\u00e7\u00e3o jur\u00eddica antes de serem enviadas ao Legislativo, algo que deveria ser da compet\u00eancia da Procuradoria Geral da Fazenda Nacional (PGFN) e da Casa Civil. A fama das propostas de Guedes \u00e9 que a bola sempre chega quadrada.\u00a0\u00a0\u201cPraticamente todas as propostas da \u00e1rea fiscal encaminhadas ao Congresso apresentaram problemas de rea\u00e7\u00e3o, mostrando falta de preocupa\u00e7\u00e3o do ponto de vista formal, sem passar por uma avalia\u00e7\u00e3o da \u00e1rea jur\u00eddica. Essa \u00e9 a impress\u00e3o de que sai direto e vai para o Congresso. A bola n\u00e3o chega redonda\u201d, confirma o analista do Senado Leonardo Ribeiro.<\/p>\n<p dir=\"ltr\">De acordo com o economista critica, a proposta da reforma administrativa foi enviada com problemas de reda\u00e7\u00e3o e sem c\u00e1lculo de impacto definido e, posteriormente, o ministro come\u00e7ou a fazer estimativas diferentes, passando de R$ 300 bilh\u00f5es, em 10 anos, e , depois, para R$ 2,7 trilh\u00f5es em 20 anos, o que tem gerado muita confus\u00e3o. \u201cO governo precisa apresentar dados mais tang\u00edveis e precisos sobre a economia gerada no pr\u00f3ximo ano e n\u00e3o falar a previs\u00e3o para daqui a 20 anos e deixar para o Congresso fazer o c\u00e1lculo. O governo tem que mandar a proposta redonda do ponto de vista t\u00e9cnico e o congresso fiscaliza. Ele n\u00e3o pode ficar fazendo tudo sozinho. Isso gera confus\u00e3o e deixa o mercado inseguro. O governo tem que governar\u201d, pontua. Ele lembra que a PEC 187, enviada a Congresso no fim de 2019 e que trata da extin\u00e7\u00e3o de v\u00e1rios fundos federais, tamb\u00e9m tem v\u00e1rios problemas e \u201cdificilmente ser\u00e1 aprovada\u201d do jeito que foi enviada.<\/p>\n<p dir=\"ltr\">Procurada, a assessoria do Minist\u00e9rio da Economia afirma que a informa\u00e7\u00e3o n\u00e3o procede. \u201cN\u00e3o tem como os textos n\u00e3o serem revisados pela \u00e1rea jur\u00eddica. Passa, n\u00e3o apenas pela PGFN, mas tamb\u00e9m pela \u00e1rea jur\u00eddica da Casa Civil. Est\u00e3o plantando informa\u00e7\u00e3o falsa\u201d, diz a pasta. Jos\u00e9 M\u00e1rcio Camargo, economista-chefe da Genial Investimentos, que \u00e9 amigo de Guedes e de Maia, confirma que j\u00e1 ouviu as queixas do parlamentar sobre o ministro. Ele ainda admite que Guedes tem um defeito &#8220;de n\u00e3o gostar burocracia&#8221;, e, portanto, n\u00e3o costuma ler com zelo a maioria da papelada que assina. Contudo, Camargo acrescenta que o ministro est\u00e1 &#8220;comprometido em querer mudar o pa\u00eds&#8221; e deixar algum legado positivo para os netos dessas mudan\u00e7as propostas pela agenda liberal prometida em campanha.<\/p>\n<p dir=\"ltr\">As recentes propostas de financiamento para o Renda Cidad\u00e3, novo programa que dever\u00e1 substituir o Bolsa Fam\u00edlia passa por mais pol\u00eamicas e questionamentos de inconstitucionalidade ao prever recursos das d\u00edvidas com precat\u00f3rios e com da Educa\u00e7\u00e3o B\u00e1sica mostram que os equ\u00edvocos continuam. Ontem, at\u00e9 a Associa\u00e7\u00e3o dos Advogados do Brasil (OAB) classificou a proposta cogitada pelo senador Marcio Bittar (MDB-AC) e que teve aval de Guedes para ser anunciada de inconstitucional.<\/p>\n<p dir=\"ltr\">\n<\/div>\n<\/div>\n<p dir=\"ltr\"><b>Pouco avan\u00e7os<\/b><\/p>\n<\/div>\n<\/div>\n<\/div>\n<\/div>\n<\/div>\n<\/div>\n<p dir=\"ltr\">Os avan\u00e7os do ministro da Economia s\u00e3o poucos e os que ele e seus t\u00e9cnicos enumeram, em grande maioria, nem foram projetos propostos por ele, como \u00e9 caso do marco do saneamento b\u00e1sico e o cadastro positivo, que ainda n\u00e3o mostrou um efetivo resultado na redu\u00e7\u00e3o do cr\u00e9dito para o consumidor como era o prometido, de acordo com analistas ouvidos pelo <strong>Blog, <\/strong>mas que pediram anonimato.<strong>\u00a0<\/strong>Eles demonstram preocupa\u00e7\u00e3o com a principal derrota, a nova agenda populista do presidente Jair Bolsonaro, que amea\u00e7a do teto de gastos &#8212; emenda constitucional que limita as despesas \u00e0 infla\u00e7\u00e3o do ano anterior &#8211;, e p\u00f5e em xeque as promessas de campanha de Guedes para implementar a agenda liberal.<\/p>\n<p dir=\"ltr\">Em rela\u00e7\u00e3o \u00e0 maior vit\u00f3ria que o ministro tenta capitalizar e elenca no topo da lista de suas realiza\u00e7\u00f5es, a aprova\u00e7\u00e3o da reforma da Previd\u00eancia, o consenso entre os analistas \u00e9 que m\u00e9rito n\u00e3o \u00e9 dele, porque o debate sobre o assunto j\u00e1 estava maduro quando ele assumiu o cargo e enviou a proposta do governo Bolsonaro com um impacto maior do que o previsto pelo governo Michel Temer.<\/p>\n<div dir=\"ltr\">\n<p dir=\"ltr\">O problema do aumento das despesas com aposentadorias e o fim do b\u00f4nus demogr\u00e1fico foi bem explicado pelo ex-secret\u00e1rio da Previd\u00eancia do Minist\u00e9rio da Fazenda Marcelo Caetano e sua sua equipe, ao contr\u00e1rio da atual equipe econ\u00f4mica que costuma ser muito mais confusa, destacam os especialistas.<\/p>\n<p dir=\"ltr\">Naquela \u00e9poca, todos sabiam que era uma reforma que precisava ser feita e o trabalho foi mais f\u00e1cil, apesar da falta de jogo de cintura tanto de Guedes quanto de Bolsonaro em negociar com o Congresso, atrasando a tramita\u00e7\u00e3o da reforma. No fim, as promessas de Guedes quando tomou posse, como zerar o deficit prim\u00e1rio no primeiro ano, arrecadar R$ 1 trilh\u00e3o com privatiza\u00e7\u00f5es e fazer a economia decolar entraram para o rol de fracassos do ministro.<\/p>\n<p dir=\"ltr\">N\u00e3o \u00e0 toa Guedes estava com a corda no pesco\u00e7o logo no in\u00edcio do ano com quando o crescimento do Produto Interno Bruto (PIB) de 2019 ficou em 1%, abaixo da taxa de 1,3% de 2018, segundo fontes da Esplanada e do mercado. Contudo, o ministro acabou ganhando sobrevida com a pandemia, de acordo com elas, mas continua sendo criticado por n\u00e3o ter um plano claro de retomada. Ele ainda perde muito tempo em insistir na recria\u00e7\u00e3o da Contribui\u00e7\u00e3o Provis\u00f3ria sobre Movimenta\u00e7\u00e3o Financeira (CPMF), com uma nova roupagem que n\u00e3o convence.<\/p>\n<p dir=\"ltr\">\u201cAl\u00e9m do desmantelamento das promessas n\u00e3o cumpridas, como privatiza\u00e7\u00e3o e fazer um monte de reformas, e o desmonte da equipe, uma das maiores derrotas de Guedes \u00e9 ver o pr\u00f3prio governo sabotando a agenda de responsabilidade fiscal e dar sinais confusos se o presidente n\u00e3o dar sinais claros de que ele est\u00e1 preocupado em fechar as contas\u201d, avalia o cientista pol\u00edtico Leandro Consentino, professor do Insper.\u00a0\u201cTudo o que era criticado por Paulo Guedes no in\u00edcio realmente come\u00e7a a ser defendido por Bolsonaro. Acho que a maior derrota do ministro \u00e9 ter que se acomodar em um governo que n\u00e3o tem perfil liberal\u201d, afirma o cientista pol\u00edtico.<\/p>\n<p dir=\"ltr\">Para Consentino, na crise de 2008, o governo Lula minimizou a crise e adotou medidas intervencionistas na economia e caminhou para o abismo fiscal pela continuidade das pol\u00edticas de Dilma Rousseff. \u201cAgora, Bolsonaro est\u00e1 passando por esse processo de forma muito mais acelerada\u201d, alerta.<\/p>\n<\/div>\n<\/div>\n<\/div>\n<div id=\"m_2075558834362048350gmail-:186\">\n<div dir=\"ltr\">\n<div dir=\"ltr\"><\/div>\n<\/div>\n<\/div>\n<\/div>\n<\/div>\n<\/div>\n<\/div>\n<\/div>\n<div class=\"hi\"><\/div>\n<\/div>\n<\/div>\n","protected":false},"excerpt":{"rendered":"<p>ROSANA HESSEL Enquanto tenta se equilibrar no governo em meio \u00e0s cr\u00edticas em p\u00fablico do presidente Jair Bolsonaro e \u00e0s puxadas de tapete, o ministro da Economia, Paulo Guedes, vem colecionado cr\u00edticas por n\u00e3o conseguir implementar a agenda liberal que prometeu durante a campanha. Nesses quase dois anos \u00e0 frente da pasta, apresenta mais derrotas [&hellip;]<\/p>\n","protected":false},"author":22,"featured_media":10371,"comment_status":"open","ping_status":"closed","sticky":false,"template":"","format":"standard","meta":{"wpb_read_more":[],"footnotes":""},"categories":[600],"tags":[254,2922,3613,4971],"class_list":["post-16080","post","type-post","status-publish","format-standard","has-post-thumbnail","hentry","category-economia","tag-congresso","tag-jair-bolsonaro","tag-paulo-guedes","tag-propostas"],"_links":{"self":[{"href":"https:\/\/blogs2.correiobraziliense.com.br\/vicente\/wp-json\/wp\/v2\/posts\/16080","targetHints":{"allow":["GET"]}}],"collection":[{"href":"https:\/\/blogs2.correiobraziliense.com.br\/vicente\/wp-json\/wp\/v2\/posts"}],"about":[{"href":"https:\/\/blogs2.correiobraziliense.com.br\/vicente\/wp-json\/wp\/v2\/types\/post"}],"author":[{"embeddable":true,"href":"https:\/\/blogs2.correiobraziliense.com.br\/vicente\/wp-json\/wp\/v2\/users\/22"}],"replies":[{"embeddable":true,"href":"https:\/\/blogs2.correiobraziliense.com.br\/vicente\/wp-json\/wp\/v2\/comments?post=16080"}],"version-history":[{"count":10,"href":"https:\/\/blogs2.correiobraziliense.com.br\/vicente\/wp-json\/wp\/v2\/posts\/16080\/revisions"}],"predecessor-version":[{"id":16091,"href":"https:\/\/blogs2.correiobraziliense.com.br\/vicente\/wp-json\/wp\/v2\/posts\/16080\/revisions\/16091"}],"wp:featuredmedia":[{"embeddable":true,"href":"https:\/\/blogs2.correiobraziliense.com.br\/vicente\/wp-json\/wp\/v2\/media\/10371"}],"wp:attachment":[{"href":"https:\/\/blogs2.correiobraziliense.com.br\/vicente\/wp-json\/wp\/v2\/media?parent=16080"}],"wp:term":[{"taxonomy":"category","embeddable":true,"href":"https:\/\/blogs2.correiobraziliense.com.br\/vicente\/wp-json\/wp\/v2\/categories?post=16080"},{"taxonomy":"post_tag","embeddable":true,"href":"https:\/\/blogs2.correiobraziliense.com.br\/vicente\/wp-json\/wp\/v2\/tags?post=16080"}],"curies":[{"name":"wp","href":"https:\/\/api.w.org\/{rel}","templated":true}]}}