{"id":16139,"date":"2020-10-02T11:13:24","date_gmt":"2020-10-02T14:13:24","guid":{"rendered":"https:\/\/blogs2.correiobraziliense.com.br\/vicente\/?p=16139"},"modified":"2020-10-02T11:13:24","modified_gmt":"2020-10-02T14:13:24","slug":"interlocutores-de-paulo-guedes-descartam-reforma-tributaria-neste-ano","status":"publish","type":"post","link":"https:\/\/blogs2.correiobraziliense.com.br\/vicente\/interlocutores-de-paulo-guedes-descartam-reforma-tributaria-neste-ano\/","title":{"rendered":"Interlocutores de Paulo Guedes descartam reforma tribut\u00e1ria neste ano"},"content":{"rendered":"<p><span style=\"font-weight: 400\">ROSANA HESSEL<\/span><\/p>\n<p>&nbsp;<\/p>\n<p><span style=\"font-weight: 400\">O pano de fundo das trocas de farpas entre o presidente da C\u00e2mara, Rodrigo Maia (DEM-RJ), e o ministro da Economia, Paulo Guedes, \u00e9 a reforma tribut\u00e1ria, uma vez que o chefe da equipe econ\u00f4mica n\u00e3o enviou a sua proposta, apesar das promessas durante as vota\u00e7\u00f5es da reforma da Previd\u00eancia no ano passado. Interlocutores do ministro, inclusive, apostam que devido \u00e0 nova crise entre os dois, neste ano, essa reforma n\u00e3o sai.<\/span><\/p>\n<p>&nbsp;<\/p>\n<p><span style=\"font-weight: 400\">Guedes tem tentado tirar o corpo fora, afirmando para pessoas que costumam visit\u00e1-lo no Bloco P da Esplanada dos Minist\u00e9rios que a briga \u00e9 entre o democrata e o presidente Jair Bolsonaro e ela &#8220;est\u00e1 sobrando para ele\u201d e, por isso, \u201ctem evitado responder \u00e0s provoca\u00e7\u00f5es de Maia\u201d. Contudo, o ministro avisou que n\u00e3o pretende mandar o restante da reforma tribut\u00e1ria antes de o relator da reforma que est\u00e1 no Congresso, o deputado Aguinaldo Ribeiro (PP-PB), apresente o relat\u00f3rio da Proposta de Emenda \u00e0 Constitui\u00e7\u00e3o (PEC) n\u00ba45\/2019, da C\u00e2mara, juntando com a do Senado, a PEC 110\/2019.\u00a0 O relator, por sua vez, aguarda a proposta de Guedes para concluir o texto unificando todas as propostas. Logo, o impasse vai longe.<\/span><\/p>\n<p>&nbsp;<\/p>\n<p><span style=\"font-weight: 400\">Segundo o ministro, o parecer da PEC 45 precisa conter o valor da al\u00edquota do novo imposto e, quando isso acontecer,<\/span><span style=\"font-weight: 400\">\u00a0\u201ca opini\u00e3o p\u00fablica n\u00e3o vai gostar e ficar contra o Maia\u201d. A proposta defendida por Maia e que teve origem na C\u00e2mara, a da PEC 45, \u00e9 resultado da fus\u00e3o de cinco tributos: PIS-Pasep, Cofins, IPI, ICMS e ISS, analistas t\u00eam criticado a <a href=\"https:\/\/blogs2.correiobraziliense.com.br\/vicente\/wp-admin\/post.php?post=16093&amp;action=edit\">falta de dados<\/a> mais claros sobre os impactos da propostas de reforma tribut\u00e1ria, como j\u00e1 informou o <strong>Blog<\/strong>.\u00a0\u00a0<\/span><span style=\"font-weight: 400\">\u201cGuedes disse que o Maia quer \u00e9 mascarar a al\u00edquota com a proposta do governo\u201d, informou um dos interlocutores.<\/span><\/p>\n<p><span style=\"font-weight: 400\">\u00a0<\/span><\/p>\n<p><span style=\"font-weight: 400\">Outra fonte, no entanto, contou que parlamentares da base governista n\u00e3o param de se queixar de Paulo Guedes, dizendo que ele \u201cs\u00f3 gosta de falar e n\u00e3o ouve ningu\u00e9m\u201d.\u00a0\u00a0<\/span><\/p>\n<p>&nbsp;<\/p>\n<p><span style=\"font-weight: 400\">O Executivo enviou apenas uma parte da reforma tribut\u00e1ria para a comiss\u00e3o mista que trata do assunto, um projeto de lei propondo a cria\u00e7\u00e3o da Contribui\u00e7\u00e3o de Bens e Servi\u00e7os (CBS), resultado da fus\u00e3o de PIS-Pasep e Cofins, uma ideia antiga dentro da pasta, apenas em julho deste ano. Na ocasi\u00e3o, Guedes prometeu que mandaria \u201clogo depois\u201d as outras propostas, inclusive, a de cria\u00e7\u00e3o de um novo imposto sobre transa\u00e7\u00f5es financeiras que, apesar de Guedes negar, \u00e9 muito parecido com a antiga Contribui\u00e7\u00e3o Provis\u00f3ria sobre Movimenta\u00e7\u00e3o Financeira (CPMF), que n\u00e3o encontra apoio no Congresso.<\/span><\/p>\n<p>&nbsp;<\/p>\n<p><span style=\"font-weight: 400\">Maia j\u00e1 afirmou que, enquanto ele estiver na Presid\u00eancia da C\u00e2mara, ou seja, at\u00e9 fevereiro de 2021, essa proposta n\u00e3o entrar\u00e1 na pauta da Casa. Na ter\u00e7a-feira (29), o democrata questionou nas redes sociais porque Guedes interditou o debate da reforma tribut\u00e1ria. No dia seguinte, disse que h\u00e1 boatos de que o presidente da C\u00e2mara tinha feito um acordo com a esquerda para n\u00e3o pautar as privatiza\u00e7\u00f5es. Maia, respondeu ao Estad\u00e3o\/Broadcast: \u201cPaulo Guedes est\u00e1 desequilibrado\u201d.<\/span><\/p>\n","protected":false},"excerpt":{"rendered":"<p>ROSANA HESSEL &nbsp; O pano de fundo das trocas de farpas entre o presidente da C\u00e2mara, Rodrigo Maia (DEM-RJ), e o ministro da Economia, Paulo Guedes, \u00e9 a reforma tribut\u00e1ria, uma vez que o chefe da equipe econ\u00f4mica n\u00e3o enviou a sua proposta, apesar das promessas durante as vota\u00e7\u00f5es da reforma da Previd\u00eancia no ano [&hellip;]<\/p>\n","protected":false},"author":22,"featured_media":13463,"comment_status":"open","ping_status":"closed","sticky":false,"template":"","format":"standard","meta":{"wpb_read_more":[],"footnotes":""},"categories":[600],"tags":[254,179,3613,1350,656],"class_list":["post-16139","post","type-post","status-publish","format-standard","has-post-thumbnail","hentry","category-economia","tag-congresso","tag-crise","tag-paulo-guedes","tag-reforma-tributaria","tag-rodrigo-maia"],"_links":{"self":[{"href":"https:\/\/blogs2.correiobraziliense.com.br\/vicente\/wp-json\/wp\/v2\/posts\/16139","targetHints":{"allow":["GET"]}}],"collection":[{"href":"https:\/\/blogs2.correiobraziliense.com.br\/vicente\/wp-json\/wp\/v2\/posts"}],"about":[{"href":"https:\/\/blogs2.correiobraziliense.com.br\/vicente\/wp-json\/wp\/v2\/types\/post"}],"author":[{"embeddable":true,"href":"https:\/\/blogs2.correiobraziliense.com.br\/vicente\/wp-json\/wp\/v2\/users\/22"}],"replies":[{"embeddable":true,"href":"https:\/\/blogs2.correiobraziliense.com.br\/vicente\/wp-json\/wp\/v2\/comments?post=16139"}],"version-history":[{"count":3,"href":"https:\/\/blogs2.correiobraziliense.com.br\/vicente\/wp-json\/wp\/v2\/posts\/16139\/revisions"}],"predecessor-version":[{"id":16142,"href":"https:\/\/blogs2.correiobraziliense.com.br\/vicente\/wp-json\/wp\/v2\/posts\/16139\/revisions\/16142"}],"wp:featuredmedia":[{"embeddable":true,"href":"https:\/\/blogs2.correiobraziliense.com.br\/vicente\/wp-json\/wp\/v2\/media\/13463"}],"wp:attachment":[{"href":"https:\/\/blogs2.correiobraziliense.com.br\/vicente\/wp-json\/wp\/v2\/media?parent=16139"}],"wp:term":[{"taxonomy":"category","embeddable":true,"href":"https:\/\/blogs2.correiobraziliense.com.br\/vicente\/wp-json\/wp\/v2\/categories?post=16139"},{"taxonomy":"post_tag","embeddable":true,"href":"https:\/\/blogs2.correiobraziliense.com.br\/vicente\/wp-json\/wp\/v2\/tags?post=16139"}],"curies":[{"name":"wp","href":"https:\/\/api.w.org\/{rel}","templated":true}]}}