{"id":16146,"date":"2020-10-02T17:13:39","date_gmt":"2020-10-02T20:13:39","guid":{"rendered":"https:\/\/blogs2.correiobraziliense.com.br\/vicente\/?p=16146"},"modified":"2020-10-02T21:34:56","modified_gmt":"2020-10-03T00:34:56","slug":"ministerio-publico-investiga-irregularidades-no-bb-e-aciona-tcu","status":"publish","type":"post","link":"https:\/\/blogs2.correiobraziliense.com.br\/vicente\/ministerio-publico-investiga-irregularidades-no-bb-e-aciona-tcu\/","title":{"rendered":"Minist\u00e9rio P\u00fablico investiga irregularidades no BB e aciona TCU"},"content":{"rendered":"<p>ROSANA HESSEL<\/p>\n<p>&nbsp;<\/p>\n<p><span style=\"font-weight: 400\">O Tribunal de Contas da Uni\u00e3o (TCU) foi autuado pelo Minist\u00e9rio P\u00fablico que protocolou uma representa\u00e7\u00e3o junto ao \u00f3rg\u00e3o para tomar medidas em rela\u00e7\u00e3o aos ind\u00edcios de irregularidades no Banco do Brasil durante a gest\u00e3o de Rubem Novaes, que pediu demiss\u00e3o em julho.\u00a0<\/span><\/p>\n<p>&nbsp;<\/p>\n<p><span style=\"font-weight: 400\">O sub-procurador-geral\u00a0 Lucas Rocha Furtado protocolou o processo TC 034.145\/2020-6, no \u00faltimo dia 30, com requerimento de pedido de medida cautelar. A relatoria ficou a cargo do ministro Bruno Dantas. \u201cO processo est\u00e1 em andamento no Tribunal e n\u00e3o possui delibera\u00e7\u00f5es. Nessa etapa processual, suas pe\u00e7as est\u00e3o restritas \u00e0s partes e n\u00e3o s\u00e3o p\u00fablicas\u201d, destacou a assessoria do \u00f3rg\u00e3o em nota enviada ao <strong>Blog<\/strong>.<\/span><\/p>\n<p>&nbsp;<\/p>\n<p><span style=\"font-weight: 400\">No documento de 13 p\u00e1ginas, Furtado aponta ind\u00edcios irregularidades na gest\u00e3o do BB e na demiss\u00e3o de auditores, citando, inclusive, uma reportagem da CNN Brasil sobre o assunto no processo. Ele alega \u201c<\/span><span style=\"font-weight: 400\">a\u00e7\u00f5es propensas a fragilizar as estruturas de controle e de governan\u00e7a daquela entidade, em especial, os supostos interesses escusos no desmonte do Comit\u00ea de Auditoria Interna em clara afronta \u00e0 independ\u00eancia desse setor\u201d.<\/span><\/p>\n<p>&nbsp;<\/p>\n<p><span style=\"font-weight: 400\">De acordo com o procurador, <\/span><span style=\"font-weight: 400\">o vice-presidente de Tecnologia da Informa\u00e7\u00e3o do BB, \u00e1rea com maior or\u00e7amento da institui\u00e7\u00e3o, desde sua chegada, &#8220;tem buscado implementar a\u00e7\u00f5es pouco alinhadas aos objetivos estrat\u00e9gicos do Banco, as quais a auditoria tem questionado, a exemplo de: direcionar contratos para aquisi\u00e7\u00e3o de software, hardware e presta\u00e7\u00e3o de servi\u00e7os em TI; abrir os c\u00f3digos-fonte de sistemas corporativos fundamentais aos neg\u00f3cios (core)\u201d, destacou o documento.<\/span><\/p>\n<p>&nbsp;<\/p>\n<p><span style=\"font-weight: 400\">A denuncia do MP ainda que trabalhos mais sens\u00edveis est\u00e3o paralisados na auditoria, como as investiga\u00e7\u00f5es que \u201cenvolvem a den\u00fancia envolvendo a publicidade em sites que propagam \u201cfake news\u201d e a venda de cr\u00e9ditos inadimplidos ao BTG Pactual. Sobre este \u00faltimo t\u00f3pico, a Auditoria Interna iniciou avalia\u00e7\u00e3o do tema, mas foi desestimulada pela gest\u00e3o do Banco do Brasil. Conforme o documento do MP, a venda de cr\u00e9ditos inadimplidos ao BTG Pactual foi objeto de aten\u00e7\u00e3o inicial da Auditoria, mas a Auditoria \u201csofreu intensa resist\u00eancia e oposi\u00e7\u00e3o da gest\u00e3o do Banco do Brasil\u201d.<\/span><\/p>\n<p>&nbsp;<\/p>\n<p>Vale lembrar que n\u00e3o \u00e9 a primeira den\u00fancia de irregularidades que o TCU investiga. O ministro Bruno Dantas, em uma <a href=\"https:\/\/blogs2.correiobraziliense.com.br\/vicente\/tcu-diz-que-patrocinios-do-banco-do-brasil-a-sites-de-fake-news-e-tao-grave-quanto-crimes-cometidos-por-henrique-pizzolato-do-pt\/\">medida cautelar<\/a>, deu um parecer bastante cr\u00edtico sobre o patroc\u00ednio do BB em sites de &#8220;fake news&#8221;.<\/p>\n<p>&nbsp;<\/p>\n<p>Procurada, a Associa\u00e7\u00e3o Nacional dos Funcion\u00e1rios do Banco do Brasil (ANABB), informou ao <strong>Blog<\/strong> que fortalecer a governan\u00e7a, aprimorar os controles internos e adotar mecanismos de m\u00e1xima seguran\u00e7a t\u00e9cnica nas decis\u00f5es tem sido tamb\u00e9m uma luta constante da entidade. &#8220;Em cumprimento ao seu papel institucional, a ANABB continuar\u00e1 a acompanhar os fatos e o desenrolar das provid\u00eancias a serem tomadas pelos \u00f3rg\u00e3os de controle (TCU, CGU-Controladoria-Geral da Uni\u00e3o). Como de outras vezes, adotar\u00e1 as medidas cab\u00edveis para preservar os funcion\u00e1rios e a integridade do BB&#8221;, afirmou.<\/p>\n<p>&nbsp;<\/p>\n<p>A assessoria de imprensa do BB informou\u00a0 que ainda n\u00e3o teve conhecimento acerta do processo e que,\u00a0 &#8220;assim que o banco for notificado, responder\u00e1 a todos os termos&#8221;. &#8220;O Banco do Brasil possui uma estrutura de governan\u00e7a que conta com reconhecimento p\u00fablico e que est\u00e1 adequada \u00e0s regras de transpar\u00eancia previstas por sua participa\u00e7\u00e3o no Novo Mercado da B3. O BB possui Comit\u00ea de Auditoria (Coaud) e uma Unidade de Auditoria Interna, ambas ligadas diretamente ao Conselho de Administra\u00e7\u00e3o e com autonomia, prevista em \u00a0Estatuto, para desempenhar suas fun\u00e7\u00f5es com total independ\u00eancia&#8221;, destacou a nota.<\/p>\n<p>&nbsp;<\/p>\n<p>Veja abaixo a \u00edntegra da representa\u00e7\u00e3o do MP:<\/p>\n<p><a href=\"https:\/\/blogs2.correiobraziliense.com.br\/vicente\/wp-content\/uploads\/sites\/16\/2020\/10\/Representa\u00e7\u00e3o-BB-irregularidades-na-auditoria-interna.pdf\">Representa\u00e7\u00e3o &#8211; BB &#8211; irregularidades na auditoria interna<\/a><\/p>\n<p>&nbsp;<\/p>\n<p>&nbsp;<\/p>\n","protected":false},"excerpt":{"rendered":"<p>ROSANA HESSEL &nbsp; O Tribunal de Contas da Uni\u00e3o (TCU) foi autuado pelo Minist\u00e9rio P\u00fablico que protocolou uma representa\u00e7\u00e3o junto ao \u00f3rg\u00e3o para tomar medidas em rela\u00e7\u00e3o aos ind\u00edcios de irregularidades no Banco do Brasil durante a gest\u00e3o de Rubem Novaes, que pediu demiss\u00e3o em julho.\u00a0 &nbsp; O sub-procurador-geral\u00a0 Lucas Rocha Furtado protocolou o processo [&hellip;]<\/p>\n","protected":false},"author":22,"featured_media":11451,"comment_status":"open","ping_status":"closed","sticky":false,"template":"","format":"standard","meta":{"wpb_read_more":[],"footnotes":""},"categories":[600],"tags":[],"class_list":["post-16146","post","type-post","status-publish","format-standard","has-post-thumbnail","hentry","category-economia"],"_links":{"self":[{"href":"https:\/\/blogs2.correiobraziliense.com.br\/vicente\/wp-json\/wp\/v2\/posts\/16146","targetHints":{"allow":["GET"]}}],"collection":[{"href":"https:\/\/blogs2.correiobraziliense.com.br\/vicente\/wp-json\/wp\/v2\/posts"}],"about":[{"href":"https:\/\/blogs2.correiobraziliense.com.br\/vicente\/wp-json\/wp\/v2\/types\/post"}],"author":[{"embeddable":true,"href":"https:\/\/blogs2.correiobraziliense.com.br\/vicente\/wp-json\/wp\/v2\/users\/22"}],"replies":[{"embeddable":true,"href":"https:\/\/blogs2.correiobraziliense.com.br\/vicente\/wp-json\/wp\/v2\/comments?post=16146"}],"version-history":[{"count":12,"href":"https:\/\/blogs2.correiobraziliense.com.br\/vicente\/wp-json\/wp\/v2\/posts\/16146\/revisions"}],"predecessor-version":[{"id":16168,"href":"https:\/\/blogs2.correiobraziliense.com.br\/vicente\/wp-json\/wp\/v2\/posts\/16146\/revisions\/16168"}],"wp:featuredmedia":[{"embeddable":true,"href":"https:\/\/blogs2.correiobraziliense.com.br\/vicente\/wp-json\/wp\/v2\/media\/11451"}],"wp:attachment":[{"href":"https:\/\/blogs2.correiobraziliense.com.br\/vicente\/wp-json\/wp\/v2\/media?parent=16146"}],"wp:term":[{"taxonomy":"category","embeddable":true,"href":"https:\/\/blogs2.correiobraziliense.com.br\/vicente\/wp-json\/wp\/v2\/categories?post=16146"},{"taxonomy":"post_tag","embeddable":true,"href":"https:\/\/blogs2.correiobraziliense.com.br\/vicente\/wp-json\/wp\/v2\/tags?post=16146"}],"curies":[{"name":"wp","href":"https:\/\/api.w.org\/{rel}","templated":true}]}}