{"id":16159,"date":"2020-10-02T19:16:44","date_gmt":"2020-10-02T22:16:44","guid":{"rendered":"https:\/\/blogs2.correiobraziliense.com.br\/vicente\/?p=16159"},"modified":"2020-10-02T19:45:21","modified_gmt":"2020-10-02T22:45:21","slug":"cabo-de-guerra-entre-rogerio-marinho-e-paulo-guedes-volta-a-ser-armado","status":"publish","type":"post","link":"https:\/\/blogs2.correiobraziliense.com.br\/vicente\/cabo-de-guerra-entre-rogerio-marinho-e-paulo-guedes-volta-a-ser-armado\/","title":{"rendered":"Cabo de guerra entre Rog\u00e9rio Marinho e Paulo Guedes volta a ser armado"},"content":{"rendered":"<p>ROSANA HESSEL<\/p>\n<p>&nbsp;<\/p>\n<p><span style=\"font-weight: 400\">O ministro da Economia, Paulo Guedes, e o ministro do Desenvolvimento Regional, Rog\u00e9rio Marinho, armaram novo cabo de guerra, em um claro sinal de que n\u00e3o h\u00e1 entendimento dentro do governo em rela\u00e7\u00e3o ao Renda Cidad\u00e3, programa que o presidente Jair Bolsonaro pretende lan\u00e7ar no lugar do Bolsa Fam\u00edlia, porque n\u00e3o tem recursos dentro do Or\u00e7amento de 2021 sem que o teto de gastos seja descumprido. Os dois n\u00e3o se bicam h\u00e1 um tempo, principalmente, porque Marinho tenta ocupar o lugar de Guedes desde que deixou de ser seu subordinado. Inclusive, vem realizando reuni\u00f5es com agentes de mercado buscando mostrar que pode ser um bom substituto para o chefe da equipe econ\u00f4mica.<\/span><\/p>\n<p>&nbsp;<\/p>\n<p><span style=\"font-weight: 400\">Em um encontro com um grupo de economistas, realizado nesta sexta-feira (2\/10), mas fora da agenda p\u00fablica de Marinho, um novo atrito entre os dois veio \u00e0 tona ap\u00f3s o vazamento da reuni\u00e3o, especialmente, porque o ministro teria sinalizado a inten\u00e7\u00e3o de tirar o Renda Cidad\u00e3 do teto de gastos &#8212; emenda constitucional que limita o crescimento das despesas \u00e0 infla\u00e7\u00e3o anterior e que \u00e9 a \u00fanica \u00e2ncora fiscal que sobreviveu \u00e0 crise provocada pela covid-19. <\/span><\/p>\n<p>&nbsp;<\/p>\n<p><span style=\"font-weight: 400\">A<\/span><span style=\"font-weight: 400\">\u00a0informa\u00e7\u00e3o deixou o ministro da Economia bastante nervoso ao ponto de afirmar que, se Marinho fez essa declara\u00e7\u00e3o, existem tr\u00eas defini\u00e7\u00f5es para ele: \u201cdespreparado, desleal e fura-teto\u201d. \u201cEspero que n\u00e3o tenha falado nada\u201d, disse Guedes a jornalistas ao chegar ao minist\u00e9rio.\u00a0\u00a0<\/span><\/p>\n<p>&nbsp;<\/p>\n<p><span style=\"font-weight: 400\">Logo ap\u00f3s a cr\u00edtica do ministro da Economia, o MDR soltou uma nota na qual informou que as informa\u00e7\u00f5es sobre a reuni\u00e3o realizada com pequeno grupo de economistas, \u201cchegaram a imprensa de maneira distorcida\u201d.\u00a0 \u201cA reuni\u00e3o teve o intuito de refor\u00e7ar o compromisso do governo com a austeridade nos gastos e a pol\u00edtica fiscal\u201d, destacou o documento.<\/span><\/p>\n<p>&nbsp;<\/p>\n<p><span style=\"font-weight: 400\">No entanto, um <\/span><span style=\"font-weight: 400\">economista que ouviu a declara\u00e7\u00e3o de Marinho, afirmou ao <strong>Blog<\/strong> ministro deixou \u201cmais ou menos claro que o governo est\u00e1 procurando uma sa\u00edda sem cortar despesas, excluindo o Renda Cidad\u00e3 do teto de gastos&#8221;, ou seja, tentando burlar a \u00e2ncora fiscal sem dar uma alternativa de uma substitui\u00e7\u00e3o plaus\u00edvel, o que n\u00e3o agradou nem um pouco os agentes financeiros. Esse tipo de sa\u00edda\u00a0<\/span><span style=\"font-weight: 400\">via estouro do teto de gastos ou uma flexibiliza\u00e7\u00e3o que n\u00e3o est\u00e1 muito bem explicada, segundo especialistas, mostra que o governo Bolsonaro n\u00e3o tem uma pol\u00edtica econ\u00f4mica definida e, muito menos, sabe que linha econ\u00f4mica pretende adotar.<\/span><\/p>\n<p>&nbsp;<\/p>\n<p><span style=\"font-weight: 400\">Para os analistas, o maior problema hoje para a economia \u00e9 a quest\u00e3o fiscal. E se o teto de gastos for flexibilizado em vez de cortar despesas, o governo vai deixar um sinal muito ruim ao mercado, confirmando que n\u00e3o consegue controlar o crescimento da d\u00edvida p\u00fablica, que est\u00e1 pr\u00f3xima de 100% do Produto Interno Bruto (PIB), patamar insustent\u00e1vel para qualquer pa\u00eds emergente. Sa\u00eddas como aumento de imposto, com o vem sendo sugerida pelos integrantes do governo e da ala pol\u00edtica mostra o amadorismo do governo em buscar a sa\u00edda mais f\u00e1cil para eles conseguirem receita, mas que n\u00e3o ajuda no cumprimento da regra do teto.<\/span><\/p>\n<p>&nbsp;<\/p>\n<p><span style=\"font-weight: 400\">Contudo, n\u00e3o \u00e9 de hoje que o ex-secret\u00e1rio especial da Previd\u00eancia, Trabalho e Emprego do Minist\u00e9rio da Economia vem criticando o ex-chefe, tentando se cacifar para o lugar de Guedes. As conversas de Marinho com agentes financeiros est\u00e3o sendo constantes h\u00e1 v\u00e1rios dias, e ele vem tentando convencer os interlocutores de que existe &#8220;uma nova pol\u00edtica\u201d no governo e que nela o &#8220;superministro&#8221; de Bolsonaro n\u00e3o tem muita influ\u00eancia e, muito menos, d\u00e1 as cartas.\u00a0 O mercado n\u00e3o v\u00ea Guedes sendo substitu\u00eddo por Marinho&#8221;, disse um economista que ouviu a fala do ministro recentemente.<\/span><\/p>\n<p>&nbsp;<\/p>\n<p><span style=\"font-weight: 400\">Ap\u00f3s Guedes descartar o uso de precat\u00f3rios, o chefe do MDR disse ainda recentemente que quem cuida do Renda Cidad\u00e3 \u00e9 a ala pol\u00edtica do governo e o senador Marcio Bittar (MDB-AC) \u00e9 o respons\u00e1vel por encontrar a fonte de recursos para o programa.\u00a0 E M<\/span><span style=\"font-weight: 400\">arinho tenta\u00a0<\/span><span style=\"font-weight: 400\">mostrar que existe no governo pessoas que podem despertar confian\u00e7a no mercado, como Paulo Guedes, que \u00e9 visto como o defensor do teto de gastos e da linha econ\u00f4mica mais fiscalista.\u00a0\u00a0<\/span>No entanto,\u00a0<span style=\"font-weight: 400\">o mercado n\u00e3o tem acreditado no discurso de Marinho que, ele e os ministros Braga Neto (Casa Civil) e Tarcisio de Freitas (Infraestrutura) &#8212;\u00a0 que tentaram lan\u00e7ar, sem sucesso, o Plano Pr\u00f3-Brasil que previa investimentos em infraestrutura, em uma clara guinada desenvolvimentista &#8211;, tamb\u00e9m est\u00e3o comprometidos com o teto de gastos.<\/span><\/p>\n<p>&nbsp;<\/p>\n<p><span style=\"font-weight: 400\">N\u00e3o \u00e0 toa, a rea\u00e7\u00e3o negativa do mercado com a sugest\u00e3o de financiar o Renda Cidad\u00e3 com o adiamento no pagamento de precat\u00f3rios, d\u00edvidas judiciais do governo apresentadas por Bittar, ou seja, uma esp\u00e9cie de calote, mostrou que o estouro do teto j\u00e1 est\u00e1 sendo precificado, e, consequentemente, a Bolsa de Valores de S\u00e3o Paulo, vem caindo e o d\u00f3lar subindo. Guedes, durante o an\u00fancio, n\u00e3o criticou a medida e s\u00f3 se manifestou dias depois de quedas sucessivas na Bolsa, o que fez ele perder pontos com o mercado tamb\u00e9m. Resta saber at\u00e9 quando Paulo Guedes aguentar\u00e1 as puxadas de tapete e o desgaste na imagem.<\/span><\/p>\n<p>&nbsp;<\/p>\n","protected":false},"excerpt":{"rendered":"<p>ROSANA HESSEL &nbsp; O ministro da Economia, Paulo Guedes, e o ministro do Desenvolvimento Regional, Rog\u00e9rio Marinho, armaram novo cabo de guerra, em um claro sinal de que n\u00e3o h\u00e1 entendimento dentro do governo em rela\u00e7\u00e3o ao Renda Cidad\u00e3, programa que o presidente Jair Bolsonaro pretende lan\u00e7ar no lugar do Bolsa Fam\u00edlia, porque n\u00e3o tem [&hellip;]<\/p>\n","protected":false},"author":22,"featured_media":15629,"comment_status":"open","ping_status":"closed","sticky":false,"template":"","format":"standard","meta":{"wpb_read_more":[],"footnotes":""},"categories":[600],"tags":[3664,4463,549,3613,4974],"class_list":["post-16159","post","type-post","status-publish","format-standard","has-post-thumbnail","hentry","category-economia","tag-rogerio-marinho","tag-briga","tag-orcamento","tag-paulo-guedes","tag-renda-cidada"],"_links":{"self":[{"href":"https:\/\/blogs2.correiobraziliense.com.br\/vicente\/wp-json\/wp\/v2\/posts\/16159","targetHints":{"allow":["GET"]}}],"collection":[{"href":"https:\/\/blogs2.correiobraziliense.com.br\/vicente\/wp-json\/wp\/v2\/posts"}],"about":[{"href":"https:\/\/blogs2.correiobraziliense.com.br\/vicente\/wp-json\/wp\/v2\/types\/post"}],"author":[{"embeddable":true,"href":"https:\/\/blogs2.correiobraziliense.com.br\/vicente\/wp-json\/wp\/v2\/users\/22"}],"replies":[{"embeddable":true,"href":"https:\/\/blogs2.correiobraziliense.com.br\/vicente\/wp-json\/wp\/v2\/comments?post=16159"}],"version-history":[{"count":7,"href":"https:\/\/blogs2.correiobraziliense.com.br\/vicente\/wp-json\/wp\/v2\/posts\/16159\/revisions"}],"predecessor-version":[{"id":16166,"href":"https:\/\/blogs2.correiobraziliense.com.br\/vicente\/wp-json\/wp\/v2\/posts\/16159\/revisions\/16166"}],"wp:featuredmedia":[{"embeddable":true,"href":"https:\/\/blogs2.correiobraziliense.com.br\/vicente\/wp-json\/wp\/v2\/media\/15629"}],"wp:attachment":[{"href":"https:\/\/blogs2.correiobraziliense.com.br\/vicente\/wp-json\/wp\/v2\/media?parent=16159"}],"wp:term":[{"taxonomy":"category","embeddable":true,"href":"https:\/\/blogs2.correiobraziliense.com.br\/vicente\/wp-json\/wp\/v2\/categories?post=16159"},{"taxonomy":"post_tag","embeddable":true,"href":"https:\/\/blogs2.correiobraziliense.com.br\/vicente\/wp-json\/wp\/v2\/tags?post=16159"}],"curies":[{"name":"wp","href":"https:\/\/api.w.org\/{rel}","templated":true}]}}