{"id":16170,"date":"2020-10-05T21:37:09","date_gmt":"2020-10-06T00:37:09","guid":{"rendered":"https:\/\/blogs2.correiobraziliense.com.br\/vicente\/?p=16170"},"modified":"2020-10-07T11:01:22","modified_gmt":"2020-10-07T14:01:22","slug":"fmi-revisa-queda-do-pib-brasileiro-mas-mantem-preocupacao-com-fiscal","status":"publish","type":"post","link":"https:\/\/blogs2.correiobraziliense.com.br\/vicente\/fmi-revisa-queda-do-pib-brasileiro-mas-mantem-preocupacao-com-fiscal\/","title":{"rendered":"FMI revisa queda do PIB brasileiro, mas mant\u00e9m preocupa\u00e7\u00e3o com fiscal"},"content":{"rendered":"<p>ROSANA HESSEL<\/p>\n<p>&nbsp;<\/p>\n<p>O Fundo Monet\u00e1rio Internacional (FMI) reduziu de 9,1% para 5,8% a previs\u00e3o de retra\u00e7\u00e3o do Produto Interno Bruto (PIB)\u00a0 do Brasil em 2020, conforme declara\u00e7\u00e3o do corpo t\u00e9cnico sobre a miss\u00e3o do Artigo IV do Conv\u00eanio Consultivo do Fundo, divulgado nesta segunda-feira (05\/10). Para 2021, o documento do organismo multilateral prev\u00ea uma crescimento de 2,8%, taxa classificada como &#8220;recupera\u00e7\u00e3o parcial&#8221;.<\/p>\n<p>&nbsp;<\/p>\n<p>Os dados da declara\u00e7\u00e3o devem constar no relat\u00f3rio Panorama Econ\u00f4mico Global, que ser\u00e1 divulgado nos pr\u00f3ximos dias com as proje\u00e7\u00f5es da economia mundial.\u00a0 Essa agenda de divulga\u00e7\u00f5es ocorre durante o encontro semestral do FMI que, oficialmente, ocorre na pr\u00f3xima semana.\u00a0 Na declara\u00e7\u00e3o, os t\u00e9cnicos destacaram que o crescimento do PIB entre 2017 e 2019 foi &#8220;decepcionante&#8221; e isso levou o pa\u00eds\u00a0para a &#8220;mais lenta recupera\u00e7\u00e3o j\u00e1 registrada no Brasil, que se situou tamb\u00e9m entre as 10% mais fr\u00e1geis recupera\u00e7\u00f5es de todo o mundo nos \u00faltimos 50 anos&#8221;.<\/p>\n<p>&nbsp;<\/p>\n<p>Para elaborar a declara\u00e7\u00e3o, os economistas do FMI conversaram com integrantes da equipe econ\u00f4mica na \u00faltima sexta-feira, mas tamb\u00e9m fizeram uma bateria de reuni\u00f5es com v\u00e1rios \u00f3rg\u00e3os p\u00fablicos e privados. Nos encontros, n\u00e3o esconderam a preocupa\u00e7\u00e3o com a deteriora\u00e7\u00e3o das contas p\u00fablicas, que est\u00e3o no vermelho desde 2014.\u00a0&#8220;Apesar da\u00a0revis\u00e3o no PIB, eles apontaram os riscos fiscais e mostraram bastante apreens\u00e3o&#8221;, contou o economista Felipe Salto, diretor-executivo da Institui\u00e7\u00e3o Fiscal Independente (IFI), do Senado, que teve uma reuni\u00e3o com os t\u00e9cnicos do FMI em 24 de setembro.<\/p>\n<p>&nbsp;<\/p>\n<p>De acordo com Salto, os economistas do FMI se interessaram em compreender as regras fiscais, sobretudo o teto de gastos, e demostraram bastante preocupa\u00e7\u00e3o com a d\u00edvida p\u00fablica bruta do pa\u00eds, que, conforme dados do Banco Central, chegou a 88,8% do PIB em agosto.\u00a0O FMI prev\u00ea\u00a0 que, devido ao forte aumento do deficit prim\u00e1rio, a d\u00edvida p\u00fablica bruta do pa\u00eds vai encerrar o ano em torno de 100% do PIB e continuar\u00e1 elevada no m\u00e9dio prazo, com a necessidade bruta de financiamento chegando a 29% do PIB.<\/p>\n<p>&nbsp;<\/p>\n<p>No documento, o FMI defendeu a realiza\u00e7\u00e3o de reformas que garantam a consolida\u00e7\u00e3o fiscal a m\u00e9dio prazo &#8220;s\u00e3o essenciais para\u00a0<span style=\"font-weight: 400\">para mitigar o risco de uma din\u00e2mica indesej\u00e1vel da d\u00edvida p\u00fablica&#8221;. &#8220;Na aus\u00eancia de evid\u00eancias inequ\u00edvocas da manuten\u00e7\u00e3o do teto de gastos, qualquer despesa adicional poderia minar a confian\u00e7a do mercado e elevar as taxas de juros. As reformas fiscais estruturais devem se concentrar na redu\u00e7\u00e3o das despesas obrigat\u00f3rias e da rigidez or\u00e7ament\u00e1ria, no fortalecimento da rede de prote\u00e7\u00e3o social e na moderniza\u00e7\u00e3o do sistema tribut\u00e1rio&#8221;, destacou.<\/span><\/p>\n<p>&nbsp;<\/p>\n<p>O Fundo tamb\u00e9m destacou que o Brasil registrou elevadas sa\u00eddas de capital devido ao salto na avers\u00e3o global ao risco. &#8220;A sa\u00edda de investimentos em carteira alcan\u00e7ou US$ 32 bilh\u00f5es, entre mar\u00e7o e abril, acelerando fortemente a tend\u00eancia de sa\u00edda de capitais no per\u00edodo 2015\u20132019, que totalizou US$ 47 bilh\u00f5es&#8221;, comparou.<\/p>\n<p>&nbsp;<\/p>\n<p>Por outro lado, os t\u00e9cnicos do FMI reconheceram que a rea\u00e7\u00e3o do governo em meio \u00e0 pandemia foi &#8220;r\u00e1pida e substancial&#8221;, abrindo caminho para medidas fiscais e para-fiscais equivalentes a 18% do PIB. Segundo o \u00f3rg\u00e3o, o aux\u00edlio emergencial &#8220;foi indispens\u00e1vel para dar suporte aos meios de subsist\u00eancia dos trabalhadores informais e das fam\u00edlias pobres e estima-se que tenha elevado a renda de 23 milh\u00f5es de indiv\u00edduos&#8221;. O documento ainda destacou que, antes da crise, a agenda de pol\u00edticas econ\u00f4micas com reformas foi adequada e &#8220;deixou a economia numa \u00f3tima posi\u00e7\u00e3o para decolar em 2020&#8221;.<\/p>\n<p>&nbsp;<\/p>\n<p>&#8220;O governo abra\u00e7ou uma ambiciosa agenda de reformas para colocar as finan\u00e7as p\u00fablicas numa trajet\u00f3ria sustent\u00e1vel. Uma reforma previdenci\u00e1ria hist\u00f3rica aprovada em outubro de 2019 estabilizou os gastos previdenci\u00e1rios como parcela do PIB, e foram enviados ao Congresso projetos de lei para controlar os gastos p\u00fablicos, melhorar a efici\u00eancia da tributa\u00e7\u00e3o e descentralizar os recursos fiscais&#8221;, informou a nota.<\/p>\n<p>&nbsp;<\/p>\n<p>O Fundo recomendou ainda que as autoridades brasileiras devem priorizar a luta contra a corru\u00e7\u00e3o e a lavagem de dinheiro e &#8220;impedir retrocessos jur\u00eddicos e institucionais&#8221;.\u00a0 &#8220;Garantir a independ\u00eancia das autoridades competentes para investigar e instaurar processos por crimes financeiros e de corrup\u00e7\u00e3o, sem influ\u00eancia indevida, \u00e9 um elemento fundamental das normas internacionais e de qualquer arcabou\u00e7o eficaz de preven\u00e7\u00e3o \u00e0 lavagem de dinheiro e combate ao financiamento do terrorismo&#8221;, destacou o documento que pode ser acessado na <a href=\"https:\/\/www.imf.org\/pt\/News\/Articles\/2020\/10\/05\/mcs100520-brazil-staff-concluding-statement-of-the-2020-article-iv-mission\">\u00edntegra<\/a> no site da institui\u00e7\u00e3o.<\/p>\n<p>&nbsp;<\/p>\n","protected":false},"excerpt":{"rendered":"<p>ROSANA HESSEL &nbsp; O Fundo Monet\u00e1rio Internacional (FMI) reduziu de 9,1% para 5,8% a previs\u00e3o de retra\u00e7\u00e3o do Produto Interno Bruto (PIB)\u00a0 do Brasil em 2020, conforme declara\u00e7\u00e3o do corpo t\u00e9cnico sobre a miss\u00e3o do Artigo IV do Conv\u00eanio Consultivo do Fundo, divulgado nesta segunda-feira (05\/10). Para 2021, o documento do organismo multilateral prev\u00ea uma [&hellip;]<\/p>\n","protected":false},"author":22,"featured_media":0,"comment_status":"open","ping_status":"closed","sticky":false,"template":"","format":"standard","meta":{"wpb_read_more":[],"footnotes":""},"categories":[600],"tags":[589,2250,3566,58,4975],"class_list":["post-16170","post","type-post","status-publish","format-standard","hentry","category-economia","tag-economia","tag-fmi","tag-ifi","tag-pib","tag-riscos-fiscais"],"_links":{"self":[{"href":"https:\/\/blogs2.correiobraziliense.com.br\/vicente\/wp-json\/wp\/v2\/posts\/16170","targetHints":{"allow":["GET"]}}],"collection":[{"href":"https:\/\/blogs2.correiobraziliense.com.br\/vicente\/wp-json\/wp\/v2\/posts"}],"about":[{"href":"https:\/\/blogs2.correiobraziliense.com.br\/vicente\/wp-json\/wp\/v2\/types\/post"}],"author":[{"embeddable":true,"href":"https:\/\/blogs2.correiobraziliense.com.br\/vicente\/wp-json\/wp\/v2\/users\/22"}],"replies":[{"embeddable":true,"href":"https:\/\/blogs2.correiobraziliense.com.br\/vicente\/wp-json\/wp\/v2\/comments?post=16170"}],"version-history":[{"count":7,"href":"https:\/\/blogs2.correiobraziliense.com.br\/vicente\/wp-json\/wp\/v2\/posts\/16170\/revisions"}],"predecessor-version":[{"id":16215,"href":"https:\/\/blogs2.correiobraziliense.com.br\/vicente\/wp-json\/wp\/v2\/posts\/16170\/revisions\/16215"}],"wp:attachment":[{"href":"https:\/\/blogs2.correiobraziliense.com.br\/vicente\/wp-json\/wp\/v2\/media?parent=16170"}],"wp:term":[{"taxonomy":"category","embeddable":true,"href":"https:\/\/blogs2.correiobraziliense.com.br\/vicente\/wp-json\/wp\/v2\/categories?post=16170"},{"taxonomy":"post_tag","embeddable":true,"href":"https:\/\/blogs2.correiobraziliense.com.br\/vicente\/wp-json\/wp\/v2\/tags?post=16170"}],"curies":[{"name":"wp","href":"https:\/\/api.w.org\/{rel}","templated":true}]}}