{"id":162,"date":"2015-08-18T03:50:00","date_gmt":"2015-08-18T06:50:00","guid":{"rendered":"https:\/\/blogs2.correiobraziliense.com.br\/vicente\/irritacao_de_levy\/"},"modified":"2015-08-18T03:50:00","modified_gmt":"2015-08-18T06:50:00","slug":"irritacao_de_levy","status":"publish","type":"post","link":"https:\/\/blogs2.correiobraziliense.com.br\/vicente\/irritacao_de_levy\/","title":{"rendered":"IRRITA\u00c7\u00c3O DE LEVY"},"content":{"rendered":"\n<p>\u00bb O ministro da Fazenda, Joaquim Levy, n\u00e3o esconde a irrita\u00e7\u00e3o quando gente do pr\u00f3prio governo questiona a capacidade do pa\u00eds de cumprir a meta fiscal de 0,7% do Produto Interno Bruto (PIB) em 2016. Para ele, n\u00e3o h\u00e1 a menor possibilidade de passar novamente pelo constrangimento de ter que, no meio do jogo, reduzir a meta. Levy reconhece que ficou com a imagem arranhada ao anunciar a redu\u00e7\u00e3o do superavit prim\u00e1rio deste ano de 1,1% para 0,15% do PIB, com chance de haver deficit de at\u00e9 0,3%.&nbsp;<b> <\/p>\n<p>Or\u00e7amento sem fic\u00e7\u00e3o<\/b>&nbsp;\u00bb A ordem de Levy \u00e9 para que seus auxiliares ajudem o Minist\u00e9rio do Planejamento a fechar um Or\u00e7amento consistente para o ano que vem, que n\u00e3o deixe d\u00favidas sobre o superavit prim\u00e1rio a ser alcan\u00e7ado. Isso embute corte de gastos, aumento de impostos e receitas com a venda de ativos da Uni\u00e3o. Todos ter\u00e3o de dar sua cota de sacrif\u00edcio. <\/p>\n<p><i>Bras\u00edlia, 03h50min<\/i>   <\/p>\n","protected":false},"excerpt":{"rendered":"<p>\u00bb O ministro da Fazenda, Joaquim Levy, n\u00e3o esconde a irrita\u00e7\u00e3o quando gente do pr\u00f3prio governo questiona a capacidade do pa\u00eds de cumprir a meta fiscal de 0,7% do Produto Interno Bruto (PIB) em 2016. Para ele, n\u00e3o h\u00e1 a menor possibilidade de passar novamente pelo constrangimento de ter que, no meio do jogo, reduzir [&hellip;]<\/p>\n","protected":false},"author":22,"featured_media":0,"comment_status":"open","ping_status":"open","sticky":false,"template":"","format":"standard","meta":{"wpb_read_more":[],"footnotes":""},"categories":[1],"tags":[],"class_list":["post-162","post","type-post","status-publish","format-standard","hentry","category-sem-categoria"],"_links":{"self":[{"href":"https:\/\/blogs2.correiobraziliense.com.br\/vicente\/wp-json\/wp\/v2\/posts\/162","targetHints":{"allow":["GET"]}}],"collection":[{"href":"https:\/\/blogs2.correiobraziliense.com.br\/vicente\/wp-json\/wp\/v2\/posts"}],"about":[{"href":"https:\/\/blogs2.correiobraziliense.com.br\/vicente\/wp-json\/wp\/v2\/types\/post"}],"author":[{"embeddable":true,"href":"https:\/\/blogs2.correiobraziliense.com.br\/vicente\/wp-json\/wp\/v2\/users\/22"}],"replies":[{"embeddable":true,"href":"https:\/\/blogs2.correiobraziliense.com.br\/vicente\/wp-json\/wp\/v2\/comments?post=162"}],"version-history":[{"count":0,"href":"https:\/\/blogs2.correiobraziliense.com.br\/vicente\/wp-json\/wp\/v2\/posts\/162\/revisions"}],"wp:attachment":[{"href":"https:\/\/blogs2.correiobraziliense.com.br\/vicente\/wp-json\/wp\/v2\/media?parent=162"}],"wp:term":[{"taxonomy":"category","embeddable":true,"href":"https:\/\/blogs2.correiobraziliense.com.br\/vicente\/wp-json\/wp\/v2\/categories?post=162"},{"taxonomy":"post_tag","embeddable":true,"href":"https:\/\/blogs2.correiobraziliense.com.br\/vicente\/wp-json\/wp\/v2\/tags?post=162"}],"curies":[{"name":"wp","href":"https:\/\/api.w.org\/{rel}","templated":true}]}}