{"id":16248,"date":"2020-10-09T10:32:19","date_gmt":"2020-10-09T13:32:19","guid":{"rendered":"https:\/\/blogs2.correiobraziliense.com.br\/vicente\/?p=16248"},"modified":"2020-10-09T20:04:40","modified_gmt":"2020-10-09T23:04:40","slug":"inflacao-dos-mais-pobres-sobe-087-maior-alta-desde-1995","status":"publish","type":"post","link":"https:\/\/blogs2.correiobraziliense.com.br\/vicente\/inflacao-dos-mais-pobres-sobe-087-maior-alta-desde-1995\/","title":{"rendered":"Infla\u00e7\u00e3o dos mais pobres sobe 0,87%, maior alta desde 1995"},"content":{"rendered":"<p><span style=\"font-weight: 400\">ROSANA HESSEL<\/span><\/p>\n<p>&nbsp;<\/p>\n<p>A popula\u00e7\u00e3o menos favorecida do pa\u00eds est\u00e1 sentindo o impacto do drag\u00e3o da infla\u00e7\u00e3o de forma mais intensa. O<span style=\"font-weight: 400\"> \u00cdndice Nacional de Pre\u00e7os ao Consumidor (INPC) de setembro subiu 0,87%, dado bem acima da alta de 0,36% registrada em agosto. Este \u00e9 o maior resultado para o m\u00eas desde 1995, quando o indicador de infla\u00e7\u00e3o dos mais pobres subiu 1,17%, conforme com dados do Instituto Brasileiro de Geografia e Estat\u00edsticas (IBGE) divulgados nesta sexta-feira (9\/10).<\/span><\/p>\n<p>&nbsp;<\/p>\n<p>Conforme os dados do IBGE, os\u00a0produtos aliment\u00edcios\u00a0subiram 2,63% em setembro enquanto, no m\u00eas anterior, a alta tinha sido de 0,80%. J\u00e1 os\u00a0n\u00e3o aliment\u00edcios\u00a0apresentaram alta de 0,35%, ap\u00f3s avan\u00e7arem 0,23% em agosto.<\/p>\n<p>&nbsp;<\/p>\n<p><span style=\"font-weight: 400\">No ano, o INPC registrou alta de 2,04% e, nos \u00faltimos 12 meses, avan\u00e7ou 3,89%, acima dos 2,94% registrados no mesmo per\u00edodo imediatamente anterior. Em setembro de 2019, o indicador havia registrado defla\u00e7\u00e3o de 0,05%.<\/span><\/p>\n<p>&nbsp;<\/p>\n<p>Os dados do IBGE ainda mostram Campo Grande como a capital que teve maior alta do INPC, 1,59%, em setembro.\u00a0 Salvador registrou a menor varia\u00e7\u00e3o mensal, de 0,47%. Bras\u00edlia, por sua vez, ficou em pen\u00faltimo lugar, com alta de 0,59% no m\u00eas.<\/p>\n<p>&nbsp;<\/p>\n<p><span style=\"font-weight: 400\">O INPC faz a medi\u00e7\u00e3o dos pre\u00e7os ao consumidor para as fam\u00edlias com renda m\u00e1xima de cinco sal\u00e1rios m\u00ednimos (R$ 5.225) e \u00e9 o indicador oficial para o reajuste anual do piso salarial. A alta de 0,87% de setembro ficou bem acima <a href=\"https:\/\/blogs2.correiobraziliense.com.br\/vicente\/ipca-de-setembro-sobe-064-superando-as-expectativas-do-mercado\/\">do \u00cdndice de Pre\u00e7os ao Consumidor Amplo (IPCA), que subiu 0,64%,<\/a> no m\u00eas passado, superando as expectativas do mercado. No acumulado em 12 meses, o indicador da infla\u00e7\u00e3o oficial registrou avan\u00e7o de 3,14%.\u00a0<\/span><\/p>\n<p>&nbsp;<\/p>\n<p><span style=\"font-weight: 400\">Essa forte alta no INPC ser\u00e1 um problema para o governo no Or\u00e7amento de 2021, pois o Projeto de Lei Or\u00e7ament\u00e1ria Anual (PLOA) prev\u00ea um sal\u00e1rio m\u00ednimo de R$ 1.067. O valor embute uma corre\u00e7\u00e3o de 2,1%, mas tudo indica que a infla\u00e7\u00e3o ficar\u00e1 acima desse patamar. N\u00e3o h\u00e1 espa\u00e7o para novas despesas no Or\u00e7amento sem o descumprimento do teto de gastos &#8211;emenda constitucional que limita o aumento de desembolsos \u00e0 infla\u00e7\u00e3o do ano anterior. Com isso, o governo ainda vai ter que buscar recursos para tapar esse novo buraco, principalmente, se a alta dos pre\u00e7os dos alimentos, n\u00e3o arrefecer e o INPC\u00a0<\/span><span style=\"font-weight: 400\">ficar perto de 4% at\u00e9 dezembro.<\/span><b><\/b><\/p>\n<p>&nbsp;<\/p>\n<p>Considerando a alta de 3,89% no acumulado em 12 meses no INPC at\u00e9 setembro, o sal\u00e1rio m\u00ednimo precisaria ser corrigido em R$ 41, passando dos atuais R$ 1.045 para R$ 1.086. Para cada real a mais nesse piso salarial, os gastos do governo com a Previd\u00eancia aumentam, em m\u00e9dia, R$ 350 milh\u00f5es. Logo, o governo precisar\u00e1 de, pelo menos, R$ 6,6 bilh\u00f5es a mais s\u00f3 por conta dessa varia\u00e7\u00e3o na infla\u00e7\u00e3o que custar\u00e1 R$ 19 acima dos R$ 1.067 previstos no PLOA.<\/p>\n<p>&nbsp;<\/p>\n","protected":false},"excerpt":{"rendered":"<p>ROSANA HESSEL &nbsp; A popula\u00e7\u00e3o menos favorecida do pa\u00eds est\u00e1 sentindo o impacto do drag\u00e3o da infla\u00e7\u00e3o de forma mais intensa. O \u00cdndice Nacional de Pre\u00e7os ao Consumidor (INPC) de setembro subiu 0,87%, dado bem acima da alta de 0,36% registrada em agosto. Este \u00e9 o maior resultado para o m\u00eas desde 1995, quando o [&hellip;]<\/p>\n","protected":false},"author":22,"featured_media":16249,"comment_status":"open","ping_status":"closed","sticky":false,"template":"","format":"standard","meta":{"wpb_read_more":[],"footnotes":""},"categories":[600],"tags":[589,391,14,1130,1213],"class_list":["post-16248","post","type-post","status-publish","format-standard","has-post-thumbnail","hentry","category-economia","tag-economia","tag-ibge","tag-inflacao","tag-inpc","tag-ipca"],"_links":{"self":[{"href":"https:\/\/blogs2.correiobraziliense.com.br\/vicente\/wp-json\/wp\/v2\/posts\/16248","targetHints":{"allow":["GET"]}}],"collection":[{"href":"https:\/\/blogs2.correiobraziliense.com.br\/vicente\/wp-json\/wp\/v2\/posts"}],"about":[{"href":"https:\/\/blogs2.correiobraziliense.com.br\/vicente\/wp-json\/wp\/v2\/types\/post"}],"author":[{"embeddable":true,"href":"https:\/\/blogs2.correiobraziliense.com.br\/vicente\/wp-json\/wp\/v2\/users\/22"}],"replies":[{"embeddable":true,"href":"https:\/\/blogs2.correiobraziliense.com.br\/vicente\/wp-json\/wp\/v2\/comments?post=16248"}],"version-history":[{"count":10,"href":"https:\/\/blogs2.correiobraziliense.com.br\/vicente\/wp-json\/wp\/v2\/posts\/16248\/revisions"}],"predecessor-version":[{"id":16283,"href":"https:\/\/blogs2.correiobraziliense.com.br\/vicente\/wp-json\/wp\/v2\/posts\/16248\/revisions\/16283"}],"wp:featuredmedia":[{"embeddable":true,"href":"https:\/\/blogs2.correiobraziliense.com.br\/vicente\/wp-json\/wp\/v2\/media\/16249"}],"wp:attachment":[{"href":"https:\/\/blogs2.correiobraziliense.com.br\/vicente\/wp-json\/wp\/v2\/media?parent=16248"}],"wp:term":[{"taxonomy":"category","embeddable":true,"href":"https:\/\/blogs2.correiobraziliense.com.br\/vicente\/wp-json\/wp\/v2\/categories?post=16248"},{"taxonomy":"post_tag","embeddable":true,"href":"https:\/\/blogs2.correiobraziliense.com.br\/vicente\/wp-json\/wp\/v2\/tags?post=16248"}],"curies":[{"name":"wp","href":"https:\/\/api.w.org\/{rel}","templated":true}]}}