{"id":16258,"date":"2020-10-09T12:28:11","date_gmt":"2020-10-09T15:28:11","guid":{"rendered":"https:\/\/blogs2.correiobraziliense.com.br\/vicente\/?p=16258"},"modified":"2020-10-09T19:39:44","modified_gmt":"2020-10-09T22:39:44","slug":"andre-braz-da-fgv-estima-ipca-de-outubro-maior-que-o-de-setembro","status":"publish","type":"post","link":"https:\/\/blogs2.correiobraziliense.com.br\/vicente\/andre-braz-da-fgv-estima-ipca-de-outubro-maior-que-o-de-setembro\/","title":{"rendered":"Andre Braz, da FGV, estima IPCA de outubro maior que o de setembro"},"content":{"rendered":"<p>ROSANA HESSEL<\/p>\n<p>&nbsp;<\/p>\n<p>Os indicadores de infla\u00e7\u00e3o de setembro mostram que os pre\u00e7os dos alimentos continuam em alta, corroendo o poder de compra do consumidor brasileiro em plena crise provocada pela pandemia. Estimativas do economista Andre Braz, do Instituto Brasileiro de Economia da Funda\u00e7\u00e3o Getulio Vargas (FGV Ibre), apontam que, em outubro, n\u00e3o haver\u00e1 tr\u00e9gua.<\/p>\n<p>&nbsp;<\/p>\n<p>O analista de infla\u00e7\u00e3o do FGV Ibre acertou a varia\u00e7\u00e3o de 0,64% do\u00a0\u00cdndice de Pre\u00e7os ao Consumidor Amplo (IPCA), em setembro, o indicador da infla\u00e7\u00e3o oficial ser\u00e1 maior do que o do m\u00eas passado, que <a href=\"https:\/\/blogs2.correiobraziliense.com.br\/vicente\/ipca-de-setembro-sobe-064-superando-as-expectativas-do-mercado\/\">ficou acima das expectativas do mercado.<\/a>\u00a0 Ele prev\u00ea o IPCA subindo de 0,80% a 0,90% neste m\u00eas.<\/p>\n<p>&nbsp;<\/p>\n<p>&#8220;Nossas coletas indicam n\u00famero para IPCA de outubro bem alto, devido ao in\u00edcio da retomada do setor de servi\u00e7os, que come\u00e7am a pressionar pre\u00e7os, como passagens a\u00e9reas, compensando uma leve queda nos alimentos. Al\u00e9m disso, a demanda por bens dur\u00e1veis, principalmente, eletroeletr\u00f4nicos e eletrodom\u00e9sticos, que deve aumentar nesse in\u00edcio do per\u00edodo de f\u00e9rias e os fabricantes devem repassar a alta dos custos com o c\u00e2mbio mais elevado&#8221;, adiantou Braz, em entrevista ao <strong>Blog<\/strong>.\u00a0O especialista prev\u00ea expans\u00e3o de 2,5% para o IPCA deste ano, mas com &#8220;vi\u00e9s de alta&#8221;.<\/p>\n<p>&nbsp;<\/p>\n<p>A alta do IPCA de setembro, de 0,64% em rela\u00e7\u00e3o a a agosto, foi a maior para o m\u00eas desde 2003, conforme dados do Instituto Brasileiro de Geografia e Estat\u00edstica (IBGE) desta sexta-feira (9\/10). A <a href=\"https:\/\/blogs2.correiobraziliense.com.br\/vicente\/inflacao-dos-mais-pobres-sobe-087-maior-alta-desde-1995\/\">infla\u00e7\u00e3o dos mais pobres<\/a>, o \u00cdndice Nacional de Pre\u00e7os ao Consumidor (INPC) em setembro foi de 0,87%, o maior patamar desde 1995.<\/p>\n<p>&nbsp;<\/p>\n<p>O FGV Ibre divulgou, hoje, dados do\u00a0\u00cdndice Geral de Pre\u00e7os &#8211; Mercado (IGP-M) referentes \u00e0 primeira pr\u00e9via de outubro, apontando desacelera\u00e7\u00e3o em rela\u00e7\u00e3o ao primeiro dec\u00eanio de setembro, de 4,41% para 1,97%. Contudo, Braz minimizou o dado e descartou um arrefecimento na carestia. Ele acredita que, ao longo do m\u00eas, os pre\u00e7os de commodities, que s\u00e3o negociadas em d\u00f3lar que dever\u00e1 continuar elevado diante das incertezas em rela\u00e7\u00e3o ao controle das contas p\u00fablicas. Al\u00e9m disso, os pre\u00e7os de materiais para constru\u00e7\u00e3o continuar\u00e3o pressionando os pre\u00e7os no atacado medidos pelo IPA, e, consequentemente, isso ser\u00e1 repassado para o \u00cdndice de Pre\u00e7os ao Consumidor (IPC), no entender do analista.<\/p>\n<p>&nbsp;<\/p>\n<p>&#8220;N\u00e3o vejo espa\u00e7o para o IPC desacelerar muito. Existe um efeito defasado que vai bater no indicador e ele vai continuar registrado press\u00e3o maior para a infla\u00e7\u00e3o. Os repasses v\u00e3o acontecer e ainda vamos ver alguns efeitos da libera\u00e7\u00e3o do com\u00e9rcio e de servi\u00e7os, que andaram de lado o ano inteiro tamb\u00e9m devem pressionar o IPCA&#8221;, apostou Braz.<\/p>\n<p>&nbsp;<\/p>\n<p>Enquanto o IGP-M acumula alta de 16,65% no ano e de 19,45% no acumulado em 12 meses.\u00a0O IPA subiu\u00a02,45% no primeiro dec\u00eanio de outubro, acumulado eleva\u00e7\u00e3o de 23,08% no ano, puxado pelos pre\u00e7os dos alimentos, que subiu 8,39% acumulado do ano e 10,90% em 12 meses at\u00e9 outubro.<\/p>\n<p>&nbsp;<\/p>\n<p>Na avalia\u00e7\u00e3o de Braz, no entanto, os dados de infla\u00e7\u00e3o ainda n\u00e3o refletem um aquecimento na economia, que ainda est\u00e1 em recess\u00e3o e dever\u00e1 se recuperar em ritmo mais lento do que o mercado e o governo esperam, em torno de 3%. Pelas estimativas dele, o Produto Interno Bruto (PIB) n\u00e3o dever\u00e1 crescer mais do que 2,5% no ano que vem.<\/p>\n<p>&nbsp;<\/p>\n<p>&#8220;A retomada vir\u00e1 com a recupera\u00e7\u00e3o da capacidade de investimento do setor p\u00fablico e n\u00e3o vemos isso devido ao desarranjo das contas p\u00fablicas. A incerteza est\u00e1 aumentando e o consumo acaba puxando o freio de m\u00e3o e s\u00f3 n\u00e3o foi pior devido ao aux\u00edlio emergencial. O estado precisa encontrar uma maneira para financiar o motor que vai ajudar na retomada da atividade, pois, se ele investe, o setor privado vai junto. Sem o setor p\u00fablico, n\u00e3o vejo condi\u00e7\u00f5es de o PIB registrar crescimento robusto&#8221;, explicou.<\/p>\n<p>&nbsp;<\/p>\n<p>Dados do Ibre divulgados hoje tamb\u00e9m mostram que, na primeira semana de outubro, o IPC Semanal (IPC-S) avan\u00e7ou 1,18% nas seis capitais pesquisadas. O dado ficou acima das altas de 0,82%, registrada na semana anterior, e de 0,48%, na primeira semana de setembro.<\/p>\n<p>&nbsp;<\/p>\n<p>&nbsp;<\/p>\n","protected":false},"excerpt":{"rendered":"<p>ROSANA HESSEL &nbsp; Os indicadores de infla\u00e7\u00e3o de setembro mostram que os pre\u00e7os dos alimentos continuam em alta, corroendo o poder de compra do consumidor brasileiro em plena crise provocada pela pandemia. Estimativas do economista Andre Braz, do Instituto Brasileiro de Economia da Funda\u00e7\u00e3o Getulio Vargas (FGV Ibre), apontam que, em outubro, n\u00e3o haver\u00e1 tr\u00e9gua. [&hellip;]<\/p>\n","protected":false},"author":22,"featured_media":16260,"comment_status":"open","ping_status":"closed","sticky":false,"template":"","format":"standard","meta":{"wpb_read_more":[],"footnotes":""},"categories":[600],"tags":[4984,4983,4985,14,4986,1213],"class_list":["post-16258","post","type-post","status-publish","format-standard","has-post-thumbnail","hentry","category-economia","tag-andre-braz","tag-fgv-ibre","tag-igp-m","tag-inflacao","tag-ipc","tag-ipca"],"_links":{"self":[{"href":"https:\/\/blogs2.correiobraziliense.com.br\/vicente\/wp-json\/wp\/v2\/posts\/16258","targetHints":{"allow":["GET"]}}],"collection":[{"href":"https:\/\/blogs2.correiobraziliense.com.br\/vicente\/wp-json\/wp\/v2\/posts"}],"about":[{"href":"https:\/\/blogs2.correiobraziliense.com.br\/vicente\/wp-json\/wp\/v2\/types\/post"}],"author":[{"embeddable":true,"href":"https:\/\/blogs2.correiobraziliense.com.br\/vicente\/wp-json\/wp\/v2\/users\/22"}],"replies":[{"embeddable":true,"href":"https:\/\/blogs2.correiobraziliense.com.br\/vicente\/wp-json\/wp\/v2\/comments?post=16258"}],"version-history":[{"count":6,"href":"https:\/\/blogs2.correiobraziliense.com.br\/vicente\/wp-json\/wp\/v2\/posts\/16258\/revisions"}],"predecessor-version":[{"id":16275,"href":"https:\/\/blogs2.correiobraziliense.com.br\/vicente\/wp-json\/wp\/v2\/posts\/16258\/revisions\/16275"}],"wp:featuredmedia":[{"embeddable":true,"href":"https:\/\/blogs2.correiobraziliense.com.br\/vicente\/wp-json\/wp\/v2\/media\/16260"}],"wp:attachment":[{"href":"https:\/\/blogs2.correiobraziliense.com.br\/vicente\/wp-json\/wp\/v2\/media?parent=16258"}],"wp:term":[{"taxonomy":"category","embeddable":true,"href":"https:\/\/blogs2.correiobraziliense.com.br\/vicente\/wp-json\/wp\/v2\/categories?post=16258"},{"taxonomy":"post_tag","embeddable":true,"href":"https:\/\/blogs2.correiobraziliense.com.br\/vicente\/wp-json\/wp\/v2\/tags?post=16258"}],"curies":[{"name":"wp","href":"https:\/\/api.w.org\/{rel}","templated":true}]}}