{"id":16291,"date":"2020-10-12T12:11:29","date_gmt":"2020-10-12T15:11:29","guid":{"rendered":"https:\/\/blogs2.correiobraziliense.com.br\/vicente\/?p=16291"},"modified":"2020-10-12T12:24:26","modified_gmt":"2020-10-12T15:24:26","slug":"justica-mantem-assembleia-que-aprovara-privatizacao-da-ceb","status":"publish","type":"post","link":"https:\/\/blogs2.correiobraziliense.com.br\/vicente\/justica-mantem-assembleia-que-aprovara-privatizacao-da-ceb\/","title":{"rendered":"Justi\u00e7a mant\u00e9m assembleia que aprovar\u00e1 privatiza\u00e7\u00e3o da CEB"},"content":{"rendered":"<h2>O desembargador Romeu Gonzaga Neiva, presidente do Tribunal de Justi\u00e7a do Distrito Federal e dos Territ\u00f3rios (TJDFT), negou agravo de instrumento e manteve para esta ter\u00e7a-feira (13\/10) a Assembleia Geral Extraordin\u00e1ria que deve aprovar os \u00faltimos detalhes para a privatiza\u00e7\u00e3o da CEB Distribuidora.<\/h2>\n<p>&nbsp;<\/p>\n<p>O recurso havia sido impetrado por Jos\u00e9 Edmilson da Silva, contra decis\u00e3o do 23\u00aa Vara C\u00edvel de Bras\u00edlia, que tinha negado a\u00e7\u00e3o popular pedindo a suspens\u00e3o do processo de venda da subsidi\u00e1ria da Companhia Energ\u00e9tica de Bras\u00edlia (CEB Holding). A assembleia tem por objetivo ratificar o <a href=\"https:\/\/blogs2.correiobraziliense.com.br\/vicente\/preco-minimo-para-a-privatizacao-da-ceb-distribuicao-foi-fixado-em-r-1424-bilhao\/\">pre\u00e7o m\u00ednimo de venda da distribuidora, de R$ 1,4 bilh\u00e3o<\/a>, e definir a data do leil\u00e3o, que ser\u00e1 realizado na Bolsa de Valores de S\u00e3o Paulo (B3).<\/p>\n<p>&nbsp;<\/p>\n<p>Com a decis\u00e3o do desembargador, proferia na madrugada desta segunda-feira (12\/10), a perspectiva \u00e9 de que a CEB Distribuidora seja privatizada ainda em novembro. <a href=\"https:\/\/blogs2.correiobraziliense.com.br\/vicente\/seis-empresas-devem-participar-da-privatizacao-da-ceb-distribuicao\/\">Pelo menos seis empresas \u2014\u00a0CPFL, Neonergia, Equatorial, Energisa, Enel e EDP, quase todas controladas por capital estrangeiro<\/a> \u2014 est\u00e3o na disputa pelo comando da distribuidora, que atende 1,1 milh\u00e3o de consumidores.<\/p>\n<p>&nbsp;<\/p>\n<p>Est\u00e1 definido que, com o dinheiro da privatiza\u00e7\u00e3o, a CEB Holding quitar\u00e1 um empr\u00e9stimo de R$ 173 milh\u00f5es feito para ajudar a companhia de distribui\u00e7\u00e3o. Assim, a controladora ficar\u00e1 sem qualquer endividamento, podendo concentrar seus neg\u00f3cios em ilumina\u00e7\u00e3o p\u00fablica e na gera\u00e7\u00e3o de energia, opera\u00e7\u00e3o que rende entre R$ 80 milh\u00f5es e R$ 90 milh\u00f5es por ano em lucro.<\/p>\n<p>&nbsp;<\/p>\n<p>No processo de privatiza\u00e7\u00e3o da CEB Distribui\u00e7\u00e3o haver\u00e1 uma cis\u00e3o. Ou seja: ser\u00e1 criada uma empresa, que incorporar\u00e1 todo o servi\u00e7o de ilumina\u00e7\u00e3o p\u00fablica. Essa estrutura ficar\u00e1 com a CEB Holding. A futura empresa, a CEB Ilumina\u00e7\u00e3o P\u00fablica, incorporar\u00e1 100 empregados que est\u00e3o hoje na distribuidora para as \u00e1reas administrativa e de presta\u00e7\u00e3o de servi\u00e7os.<\/p>\n<p>&nbsp;<\/p>\n<p>Antes de ser privatizada, a CEB Distribui\u00e7\u00e3o quitar\u00e1, ainda em outubro, o restante de uma d\u00edvida de R$ 350 milh\u00f5es com o GDF, referente a Imposto sobre Circula\u00e7\u00e3o de Servi\u00e7os e Mercadorias (ICMS). Dos R$ 345 milh\u00f5es, R$ 200 milh\u00f5es j\u00e1 foram pagos. A expectativa \u00e9 grande em rela\u00e7\u00e3o \u00e0 privatiza\u00e7\u00e3o da companhia.<\/p>\n","protected":false},"excerpt":{"rendered":"<p>O desembargador Romeu Gonzaga Neiva, presidente do Tribunal de Justi\u00e7a do Distrito Federal e dos Territ\u00f3rios (TJDFT), negou agravo de instrumento e manteve para esta ter\u00e7a-feira (13\/10) a Assembleia Geral Extraordin\u00e1ria que deve aprovar os \u00faltimos detalhes para a privatiza\u00e7\u00e3o da CEB Distribuidora. &nbsp; O recurso havia sido impetrado por Jos\u00e9 Edmilson da Silva, contra [&hellip;]<\/p>\n","protected":false},"author":22,"featured_media":16061,"comment_status":"open","ping_status":"closed","sticky":false,"template":"","format":"standard","meta":{"wpb_read_more":[],"footnotes":""},"categories":[600],"tags":[589,4943,4989,2787],"class_list":["post-16291","post","type-post","status-publish","format-standard","has-post-thumbnail","hentry","category-economia","tag-economia","tag-financas","tag-justica-mantem-privatizacao-da-ceb","tag-politica"],"_links":{"self":[{"href":"https:\/\/blogs2.correiobraziliense.com.br\/vicente\/wp-json\/wp\/v2\/posts\/16291","targetHints":{"allow":["GET"]}}],"collection":[{"href":"https:\/\/blogs2.correiobraziliense.com.br\/vicente\/wp-json\/wp\/v2\/posts"}],"about":[{"href":"https:\/\/blogs2.correiobraziliense.com.br\/vicente\/wp-json\/wp\/v2\/types\/post"}],"author":[{"embeddable":true,"href":"https:\/\/blogs2.correiobraziliense.com.br\/vicente\/wp-json\/wp\/v2\/users\/22"}],"replies":[{"embeddable":true,"href":"https:\/\/blogs2.correiobraziliense.com.br\/vicente\/wp-json\/wp\/v2\/comments?post=16291"}],"version-history":[{"count":5,"href":"https:\/\/blogs2.correiobraziliense.com.br\/vicente\/wp-json\/wp\/v2\/posts\/16291\/revisions"}],"predecessor-version":[{"id":16296,"href":"https:\/\/blogs2.correiobraziliense.com.br\/vicente\/wp-json\/wp\/v2\/posts\/16291\/revisions\/16296"}],"wp:featuredmedia":[{"embeddable":true,"href":"https:\/\/blogs2.correiobraziliense.com.br\/vicente\/wp-json\/wp\/v2\/media\/16061"}],"wp:attachment":[{"href":"https:\/\/blogs2.correiobraziliense.com.br\/vicente\/wp-json\/wp\/v2\/media?parent=16291"}],"wp:term":[{"taxonomy":"category","embeddable":true,"href":"https:\/\/blogs2.correiobraziliense.com.br\/vicente\/wp-json\/wp\/v2\/categories?post=16291"},{"taxonomy":"post_tag","embeddable":true,"href":"https:\/\/blogs2.correiobraziliense.com.br\/vicente\/wp-json\/wp\/v2\/tags?post=16291"}],"curies":[{"name":"wp","href":"https:\/\/api.w.org\/{rel}","templated":true}]}}