{"id":16301,"date":"2020-10-14T11:57:26","date_gmt":"2020-10-14T14:57:26","guid":{"rendered":"https:\/\/blogs2.correiobraziliense.com.br\/vicente\/?p=16301"},"modified":"2020-10-14T18:11:59","modified_gmt":"2020-10-14T21:11:59","slug":"sem-reformas-fiscais-pais-caminha-para-estagflacao-em-2022-diz-mb","status":"publish","type":"post","link":"https:\/\/blogs2.correiobraziliense.com.br\/vicente\/sem-reformas-fiscais-pais-caminha-para-estagflacao-em-2022-diz-mb\/","title":{"rendered":"Sem reformas fiscais, pa\u00eds caminha para estagfla\u00e7\u00e3o em 2022, diz MB"},"content":{"rendered":"<p>ROSANA HESSEL<\/p>\n<p>&nbsp;<\/p>\n<p>Com a pandemia de covid-19 dando sinais claros de que n\u00e3o era uma &#8220;gripezinha&#8221;, ultrapassando, com folga, a marca de 150 mil mortes no pa\u00eds, o governo n\u00e3o dever\u00e1 avan\u00e7ar\u00a0na agenda fiscal, que inclui reformas com redu\u00e7\u00e3o de gastos obrigat\u00f3rios, em pleno ano eleitoral.<\/p>\n<p>&nbsp;<\/p>\n<p>Logo, o cen\u00e1rio mais prov\u00e1vel que est\u00e1 se confirmando para 2022, na avalia\u00e7\u00e3o do economista-chefe da MB Associados, Sergio Vale, \u00e9 o do pa\u00eds caminhando para um quadro de estagfla\u00e7\u00e3o, ou seja, de estagna\u00e7\u00e3o econ\u00f4mica com press\u00f5es inflacion\u00e1rias. Para uma economia emergente, de renda m\u00e9dia baixa e que j\u00e1 n\u00e3o consegue crescer de forma robusta desde a recess\u00e3o de 2015 e 2016, esse cen\u00e1rio ser\u00e1 desafiador e marcar\u00e1 uma volta ao quadro do fim da d\u00e9cada 1970, que abriu caminho para a hiperinfla\u00e7\u00e3o.<\/p>\n<p>&nbsp;<\/p>\n<p>&#8220;Se, em 2021, n\u00e3o houver uma transforma\u00e7\u00e3o radical no cen\u00e1rio fiscal, caminharemos para esse cen\u00e1rio de estagfla\u00e7\u00e3o. Agora, tal cen\u00e1rio, em ano eleitoral, s\u00f3 vai colocar mais press\u00e3o em cima do presidente Jair Bolsonaro. Ele precisa articular rapidamente, no ano que vem, para conseguir melhorar a perspectiva futura para a economia e para a pr\u00f3pria reelei\u00e7\u00e3o&#8221;, destacou Vale, em entrevista ao <strong>Blog<\/strong>.<\/p>\n<p>&nbsp;<\/p>\n<p>No relat\u00f3rio da MB Associados divulgado nesta quarta-feira (14\/10), Vale fez um alerta para esse cen\u00e1rio com base nos resultados do \u00cdndice de Pre\u00e7os ao Consumidor Amplo (IPCA) de setembro, que avan\u00e7ou 0,64%, na compara\u00e7\u00e3o com agosto, superando as previs\u00f5es do mercado e sinalizando que as press\u00f5es inflacion\u00e1rias puxadas pela alta dos pre\u00e7os dos alimentos, que avan\u00e7am na casa de dois d\u00edgitos no acumulado do ano, ainda n\u00e3o \u00e9 uma amea\u00e7a \u00e0 meta de infla\u00e7\u00e3o de 2020, de 4%. Pelas proje\u00e7\u00f5es da MB, a infla\u00e7\u00e3o infla\u00e7\u00e3o oficial deve encerrar o ano em 2,5%, no piso da meta, passando para 3,1%, em 2021.<\/p>\n<p>&nbsp;<\/p>\n<p>A redu\u00e7\u00e3o do valor do aux\u00edlio pode ajudar a reduzir a infla\u00e7\u00e3o dos alimentos, de acordo com o economista. Ele lembrou que o pa\u00eds pode passar por um problema de falta de oferta, devido \u00e0 fraqueza da economia.<\/p>\n<p>&nbsp;<\/p>\n<p><strong>Riscos fiscais<\/strong><\/p>\n<p>&nbsp;<\/p>\n<p>O sinal de alerta j\u00e1 est\u00e1 piscando com a piora do quadro fiscal, com amea\u00e7as \u00e0 manuten\u00e7\u00e3o do teto de gastos, emenda constitucional que limita o aumento das despesas \u00e0 infla\u00e7\u00e3o do ano anterior. Uma delas \u00e9 a falta de espa\u00e7o no Or\u00e7amento de 2021 para o Renda Cidad\u00e3,\u00a0novo programa social que Bolsonaro pretende criar para substituir o Bolsa Fam\u00edlia, e que, para ser criado sem destruir o teto de gastos, precisaria de uma reforma que permita uma redu\u00e7\u00e3o expressiva nos gastos obrigat\u00f3rios, algo pouco prov\u00e1vel em um ano eleitoral.<\/p>\n<p>&nbsp;<\/p>\n<p>Pelos c\u00e1lculos de Vale, se o Renda Cidad\u00e3 custar R$ 250 por m\u00eas para 25 milh\u00f5es de pessoas, os recursos anuais para manter o benef\u00edcio ser\u00e3o de R$ 75 bilh\u00f5es, a partir de 2021. As despesas discricion\u00e1rias (n\u00e3o obrigat\u00f3rias) previstas no Or\u00e7amento do ano que vem somam pouco mais de R$ 100 bilh\u00f5es e n\u00e3o h\u00e1 espa\u00e7o para cortes. Pelas estimativas da Institui\u00e7\u00e3o Fiscal Independente (IFI), um corte de R$ 20,4 bilh\u00f5es nas despesas discricion\u00e1rias &#8220;poderia comprometer o\u00a0funcionamento da m\u00e1quina, tomando-se por refer\u00eancia o n\u00edvel m\u00ednimo requerido de\u00a0discricion\u00e1rias para n\u00e3o haver \u201cshutdown\u201d estimado pela entidade.<\/p>\n<p>&nbsp;<\/p>\n<p>O senador Marcio Bittar (MDB-AC), diante da falta de recursos financiar o programa e tamb\u00e9m da falta de op\u00e7\u00f5es legais para que isso seja feito, adiou para depois das elei\u00e7\u00f5es a entrega da proposta do Renda Cidad\u00e3, que ser\u00e1 inclu\u00eddo na Proposta de Emenda \u00e0 Constitui\u00e7\u00e3o (PEC) Emergencial (PEC 186\/2019), que trata da regulamenta\u00e7\u00e3o dos gatilhos no caso de descumprimento do teto de gastos.<\/p>\n<p>&nbsp;<\/p>\n<p>Na avalia\u00e7\u00e3o de Sergio Vale, a taxa de c\u00e2mbio\u00a0vai depender essencialmente do cen\u00e1rio fiscal e, por conta da piora nas contas p\u00fablicas, o d\u00f3lar tem se valorizado a um ritmo de 10% ao ano desde 2018. &#8220;A\u00a0piora sistem\u00e1tica do cen\u00e1rio fiscal tem sinalizado que a estabilidade macroecon\u00f4mica corre riscos e, por isso,\u00a0o real tem tem-se desvalorizado longo desse desse per\u00edodo&#8221;, alertou.<\/p>\n<p>&nbsp;<\/p>\n<p>A MB prev\u00ea queda de 4,8% no PIB deste ano e crescimento de 2,2% em 2021, com o desemprego avan\u00e7ando em patamares recordes, passando de 14,2%, neste ano, para 16,8%, no ano que vem. A consultoria ainda estima que a d\u00edvida p\u00fablica bruta chegando a 91,9% do PIB, em 2020, passando para 92,8%, do PIB, em 2021.<\/p>\n<p>&nbsp;<\/p>\n<p>&#8220;Ainda\u00a0temos deficit prim\u00e1rio elevado ano que vem e crescimento baixo. O sentido \u00e9 de crescimento da d\u00edvida, com todo o risco fiscal que isso traz, por exemplo, na curva de juros, que j\u00e1 come\u00e7amos a ver crescer&#8221;, alertou Vale.<\/p>\n<p>&nbsp;<\/p>\n<p>&nbsp;<\/p>\n<p>&nbsp;<\/p>\n","protected":false},"excerpt":{"rendered":"<p>ROSANA HESSEL &nbsp; Com a pandemia de covid-19 dando sinais claros de que n\u00e3o era uma &#8220;gripezinha&#8221;, ultrapassando, com folga, a marca de 150 mil mortes no pa\u00eds, o governo n\u00e3o dever\u00e1 avan\u00e7ar\u00a0na agenda fiscal, que inclui reformas com redu\u00e7\u00e3o de gastos obrigat\u00f3rios, em pleno ano eleitoral. &nbsp; Logo, o cen\u00e1rio mais prov\u00e1vel que est\u00e1 [&hellip;]<\/p>\n","protected":false},"author":22,"featured_media":16307,"comment_status":"open","ping_status":"closed","sticky":false,"template":"","format":"standard","meta":{"wpb_read_more":[],"footnotes":""},"categories":[600],"tags":[804,4991,14,4841,4510,58,31,4975,4990],"class_list":["post-16301","post","type-post","status-publish","format-standard","has-post-thumbnail","hentry","category-economia","tag-divida-publica","tag-estagflacao","tag-inflacao","tag-mb-associados","tag-pandemia","tag-pib","tag-recessao","tag-riscos-fiscais","tag-sergio-vale"],"_links":{"self":[{"href":"https:\/\/blogs2.correiobraziliense.com.br\/vicente\/wp-json\/wp\/v2\/posts\/16301","targetHints":{"allow":["GET"]}}],"collection":[{"href":"https:\/\/blogs2.correiobraziliense.com.br\/vicente\/wp-json\/wp\/v2\/posts"}],"about":[{"href":"https:\/\/blogs2.correiobraziliense.com.br\/vicente\/wp-json\/wp\/v2\/types\/post"}],"author":[{"embeddable":true,"href":"https:\/\/blogs2.correiobraziliense.com.br\/vicente\/wp-json\/wp\/v2\/users\/22"}],"replies":[{"embeddable":true,"href":"https:\/\/blogs2.correiobraziliense.com.br\/vicente\/wp-json\/wp\/v2\/comments?post=16301"}],"version-history":[{"count":5,"href":"https:\/\/blogs2.correiobraziliense.com.br\/vicente\/wp-json\/wp\/v2\/posts\/16301\/revisions"}],"predecessor-version":[{"id":16317,"href":"https:\/\/blogs2.correiobraziliense.com.br\/vicente\/wp-json\/wp\/v2\/posts\/16301\/revisions\/16317"}],"wp:featuredmedia":[{"embeddable":true,"href":"https:\/\/blogs2.correiobraziliense.com.br\/vicente\/wp-json\/wp\/v2\/media\/16307"}],"wp:attachment":[{"href":"https:\/\/blogs2.correiobraziliense.com.br\/vicente\/wp-json\/wp\/v2\/media?parent=16301"}],"wp:term":[{"taxonomy":"category","embeddable":true,"href":"https:\/\/blogs2.correiobraziliense.com.br\/vicente\/wp-json\/wp\/v2\/categories?post=16301"},{"taxonomy":"post_tag","embeddable":true,"href":"https:\/\/blogs2.correiobraziliense.com.br\/vicente\/wp-json\/wp\/v2\/tags?post=16301"}],"curies":[{"name":"wp","href":"https:\/\/api.w.org\/{rel}","templated":true}]}}