{"id":1632,"date":"2016-06-24T11:10:46","date_gmt":"2016-06-24T14:10:46","guid":{"rendered":"https:\/\/blogs2.correiobraziliense.com.br\/vicente\/?p=1632"},"modified":"2016-06-25T21:02:02","modified_gmt":"2016-06-26T00:02:02","slug":"governo-petista-estimulou-endividamento-de-servidor-para-alimentar-quadrilha-liderada-por-paulo-bernardo","status":"publish","type":"post","link":"https:\/\/blogs2.correiobraziliense.com.br\/vicente\/governo-petista-estimulou-endividamento-de-servidor-para-alimentar-quadrilha-liderada-por-paulo-bernardo\/","title":{"rendered":"Governo petista estimulou endividamento de servidor para alimentar quadrilha liderada por Paulo Bernardo"},"content":{"rendered":"<p>N\u00e3o foi por acaso que Paulo Bernardo, ex-ministro do Planejamento de Lula e das Comunica\u00e7\u00f5es na gest\u00e3o de Dilma Rousseff, estimulou o endividamento de servidores p\u00fablicos, facilitando as regras para a tomada de empr\u00e9stimos com desconto em folha. Dados do Banco Central mostram o potencial desse mercado.<\/p>\n<p>&nbsp;<\/p>\n<p>Apesar de a demanda por cr\u00e9dito no pa\u00eds estar em queda h\u00e1 mais de um ano nas principais modalidades, no consignado para servidores o quadro \u00e9 completamente diferente. A demanda por financiamentos com desconto em folha continua crescendo como se n\u00e3o houvesse crise. Nos 12 meses terminados em abril, o saldo avan\u00e7a 6,1%. Quanto mais o funcionalismo se endividava, mais a quadrilha liderada por Bernardo ganhava.<\/p>\n<p>&nbsp;<\/p>\n<p>A d\u00edvida total dos servidores com consignado at\u00e9 abril, o \u00faltimo dado disponibilizado pelo BC, soma R$ 170,3 bilh\u00f5es. \u00c9 quase 10 vezes mais do que o saldo do consignado de todos os trabalhadores da iniciativa privada, de R$ 18,4 bilh\u00f5es.<\/p>\n<p>&nbsp;<\/p>\n<p>A Pol\u00edcia Federal estima que a quadrilha que fraudou consignados de servidores tenha embolsado R$ 100 milh\u00f5es, sendo que R$ 7 milh\u00f5es teriam sido repassados a Paulo Bernardo, que foi preso dentro da Opera\u00e7\u00e3o Custo Brasil, um desdobramento da Opera\u00e7\u00e3o Lava-Jato.<\/p>\n<p>&nbsp;<\/p>\n<p><em>Bras\u00edlia, 11h10min<\/em><\/p>\n","protected":false},"excerpt":{"rendered":"<p>N\u00e3o foi por acaso que Paulo Bernardo, ex-ministro do Planejamento de Lula e das Comunica\u00e7\u00f5es na gest\u00e3o de Dilma Rousseff, estimulou o endividamento de servidores p\u00fablicos, facilitando as regras para a tomada de empr\u00e9stimos com desconto em folha. Dados do Banco Central mostram o potencial desse mercado. &nbsp; Apesar de a demanda por cr\u00e9dito no [&hellip;]<\/p>\n","protected":false},"author":22,"featured_media":0,"comment_status":"open","ping_status":"closed","sticky":false,"template":"","format":"standard","meta":{"wpb_read_more":[],"footnotes":""},"categories":[1],"tags":[166,423,424,349,422,123],"class_list":["post-1632","post","type-post","status-publish","format-standard","hentry","category-sem-categoria","tag-endividamento","tag-mudancas-de-regras","tag-operacao-custo-brasil","tag-paulo-bernardo","tag-pt","tag-servidores"],"_links":{"self":[{"href":"https:\/\/blogs2.correiobraziliense.com.br\/vicente\/wp-json\/wp\/v2\/posts\/1632","targetHints":{"allow":["GET"]}}],"collection":[{"href":"https:\/\/blogs2.correiobraziliense.com.br\/vicente\/wp-json\/wp\/v2\/posts"}],"about":[{"href":"https:\/\/blogs2.correiobraziliense.com.br\/vicente\/wp-json\/wp\/v2\/types\/post"}],"author":[{"embeddable":true,"href":"https:\/\/blogs2.correiobraziliense.com.br\/vicente\/wp-json\/wp\/v2\/users\/22"}],"replies":[{"embeddable":true,"href":"https:\/\/blogs2.correiobraziliense.com.br\/vicente\/wp-json\/wp\/v2\/comments?post=1632"}],"version-history":[{"count":1,"href":"https:\/\/blogs2.correiobraziliense.com.br\/vicente\/wp-json\/wp\/v2\/posts\/1632\/revisions"}],"predecessor-version":[{"id":1633,"href":"https:\/\/blogs2.correiobraziliense.com.br\/vicente\/wp-json\/wp\/v2\/posts\/1632\/revisions\/1633"}],"wp:attachment":[{"href":"https:\/\/blogs2.correiobraziliense.com.br\/vicente\/wp-json\/wp\/v2\/media?parent=1632"}],"wp:term":[{"taxonomy":"category","embeddable":true,"href":"https:\/\/blogs2.correiobraziliense.com.br\/vicente\/wp-json\/wp\/v2\/categories?post=1632"},{"taxonomy":"post_tag","embeddable":true,"href":"https:\/\/blogs2.correiobraziliense.com.br\/vicente\/wp-json\/wp\/v2\/tags?post=1632"}],"curies":[{"name":"wp","href":"https:\/\/api.w.org\/{rel}","templated":true}]}}