{"id":16412,"date":"2020-11-04T20:12:06","date_gmt":"2020-11-04T23:12:06","guid":{"rendered":"https:\/\/blogs2.correiobraziliense.com.br\/vicente\/?p=16412"},"modified":"2020-11-04T20:55:10","modified_gmt":"2020-11-04T23:55:10","slug":"bolsonaro-ja-admite-que-biden-sera-presidente-dos-estados-unidos","status":"publish","type":"post","link":"https:\/\/blogs2.correiobraziliense.com.br\/vicente\/bolsonaro-ja-admite-que-biden-sera-presidente-dos-estados-unidos\/","title":{"rendered":"Bolsonaro j\u00e1 admite que Biden ser\u00e1 presidente dos Estados Unidos"},"content":{"rendered":"<h2>Internamente, o presidente Jair Bolsonaro j\u00e1 admite que o democrata Joe Biden ser\u00e1 o pr\u00f3ximo presidente dos Estados Unidos. Os n\u00fameros mais recentes da apura\u00e7\u00e3o apontam que falta muito pouco para que Biden enterre de vez a reelei\u00e7\u00e3o de Donald Trump. &#8220;\u00c9 dif\u00edcil reverter o atual quadro&#8221;, admitiu Bolsonaro, segundo um de seus auxiliares mais pr\u00f3ximos.<\/h2>\n<p>&nbsp;<\/p>\n<p>Esse mesmo auxiliar descreve a mudan\u00e7a de clima no entorno de Bolsonaro. &#8220;Pela manh\u00e3, a bola estava cheia por aqui. Agora, murchou quase que por completo&#8221;, frisa. Teve gente que tentou convencer o presidente de que ainda h\u00e1 chance de Trump vencer. Mas n\u00e3o conseguiu reverter o pessimismo.<\/p>\n<p>&nbsp;<\/p>\n<p>Para o mesmo auxiliar, Bolsonaro deve apoiar todos os movimentos de Trump de contesta\u00e7\u00e3o do resultado. A equipe do atual presidente dos Estados Unidos j\u00e1 disse que pedir\u00e1 a recontagem dos votos em Wisconsin. E pode fazer o mesmo em Nevada. O discurso \u00e9 de que houve fraudes na apura\u00e7\u00e3o.<\/p>\n<p>&nbsp;<\/p>\n<p>No entender de Bolsonaro, segundo o mesmo auxiliar, \u00e9 leg\u00edtimo que Trump levante suspeitas sobre o pleito. Mas poucos no governo acreditam que a judicializa\u00e7\u00e3o indicada por Trump v\u00e1 mudar os resultados das elei\u00e7\u00f5es. &#8220;Perdemos essa&#8221;, admite o assessor presidencial.<\/p>\n<p>&nbsp;<\/p>\n<p>Pelos n\u00fameros mais recentes da apura\u00e7\u00e3o, Biden tem 264 dos 270 votos necess\u00e1rios para vencer no Col\u00e9gio Eleitoral. Trump tem 214. Nunca se viu uma elei\u00e7\u00e3o t\u00e3o emocionante nos Estados Unidos.<\/p>\n<p>&nbsp;<\/p>\n<p><em>Bras\u00edlia, 20h12min<\/em><\/p>\n","protected":false},"excerpt":{"rendered":"<p>Internamente, o presidente Jair Bolsonaro j\u00e1 admite que o democrata Joe Biden ser\u00e1 o pr\u00f3ximo presidente dos Estados Unidos. Os n\u00fameros mais recentes da apura\u00e7\u00e3o apontam que falta muito pouco para que Biden enterre de vez a reelei\u00e7\u00e3o de Donald Trump. &#8220;\u00c9 dif\u00edcil reverter o atual quadro&#8221;, admitiu Bolsonaro, segundo um de seus auxiliares mais [&hellip;]<\/p>\n","protected":false},"author":22,"featured_media":10126,"comment_status":"open","ping_status":"closed","sticky":false,"template":"","format":"standard","meta":{"wpb_read_more":[],"footnotes":""},"categories":[600],"tags":[5021,1433,4954,622,2787],"class_list":["post-16412","post","type-post","status-publish","format-standard","has-post-thumbnail","hentry","category-economia","tag-bolsonaro-ja-admite-que-biden-sera-presidente-dos-estados-unidos","tag-eleicoes-americanas","tag-internacional","tag-mundo","tag-politica"],"_links":{"self":[{"href":"https:\/\/blogs2.correiobraziliense.com.br\/vicente\/wp-json\/wp\/v2\/posts\/16412","targetHints":{"allow":["GET"]}}],"collection":[{"href":"https:\/\/blogs2.correiobraziliense.com.br\/vicente\/wp-json\/wp\/v2\/posts"}],"about":[{"href":"https:\/\/blogs2.correiobraziliense.com.br\/vicente\/wp-json\/wp\/v2\/types\/post"}],"author":[{"embeddable":true,"href":"https:\/\/blogs2.correiobraziliense.com.br\/vicente\/wp-json\/wp\/v2\/users\/22"}],"replies":[{"embeddable":true,"href":"https:\/\/blogs2.correiobraziliense.com.br\/vicente\/wp-json\/wp\/v2\/comments?post=16412"}],"version-history":[{"count":2,"href":"https:\/\/blogs2.correiobraziliense.com.br\/vicente\/wp-json\/wp\/v2\/posts\/16412\/revisions"}],"predecessor-version":[{"id":16414,"href":"https:\/\/blogs2.correiobraziliense.com.br\/vicente\/wp-json\/wp\/v2\/posts\/16412\/revisions\/16414"}],"wp:featuredmedia":[{"embeddable":true,"href":"https:\/\/blogs2.correiobraziliense.com.br\/vicente\/wp-json\/wp\/v2\/media\/10126"}],"wp:attachment":[{"href":"https:\/\/blogs2.correiobraziliense.com.br\/vicente\/wp-json\/wp\/v2\/media?parent=16412"}],"wp:term":[{"taxonomy":"category","embeddable":true,"href":"https:\/\/blogs2.correiobraziliense.com.br\/vicente\/wp-json\/wp\/v2\/categories?post=16412"},{"taxonomy":"post_tag","embeddable":true,"href":"https:\/\/blogs2.correiobraziliense.com.br\/vicente\/wp-json\/wp\/v2\/tags?post=16412"}],"curies":[{"name":"wp","href":"https:\/\/api.w.org\/{rel}","templated":true}]}}