{"id":1642,"date":"2016-06-24T15:10:05","date_gmt":"2016-06-24T18:10:05","guid":{"rendered":"https:\/\/blogs2.correiobraziliense.com.br\/vicente\/?p=1642"},"modified":"2016-06-25T20:57:49","modified_gmt":"2016-06-25T23:57:49","slug":"servidores-vao-justica-para-cobrar-do-planejamento-r-100-milhoes-desviados-em-consignado","status":"publish","type":"post","link":"https:\/\/blogs2.correiobraziliense.com.br\/vicente\/servidores-vao-justica-para-cobrar-do-planejamento-r-100-milhoes-desviados-em-consignado\/","title":{"rendered":"Servidores v\u00e3o \u00e0 Justi\u00e7a para cobrar do Planejamento R$ 100 milh\u00f5es desviados em consignado"},"content":{"rendered":"<p>H\u00e1 uma clara disposi\u00e7\u00e3o de servidores p\u00fablicos de irem \u00e0 Justi\u00e7a para cobrar o que pagaram a mais em empr\u00e9stimos consignados para sustentar o esquema de propina comandado por Paulo Bernardo, ex-ministro do Planejamento de Lula. Segundo a Pol\u00edcia Federal, cada servidor aposentado e da ativa que tomou um financiamento com desconto em folha pagou R$ 1 por m\u00eas para a quadrilha, totalizando R$ 100 milh\u00f5es entre 2009 e 2015.<\/p>\n<p>&nbsp;<\/p>\n<p>Os contratos de consignado eram gerenciados pela Consist. De cada R$ 1 cobrado dos servidores por m\u00eas, R$ 0,30 efetivamente pagava a opera\u00e7\u00e3o e R$ 0,70 era para propina. As investiga\u00e7\u00f5es da Opera\u00e7\u00e3o Custo Brasil, um desdobramento da Lava-Jato, indicam que Paulo Bernardo, que est\u00e1 preso, embolsou R$ 7 milh\u00f5es em propina. O esquema tamb\u00e9m irrigou o caixa do PT e teria beneficiado Carlos Gabas, ex-ministro da Previd\u00eancia e companheiro de Dilma Rousseff em passeios de motos por Bras\u00edlia.<\/p>\n<p>&nbsp;<\/p>\n<p>Para a servidora aposentada Helena Silva, n\u00e3o h\u00e1 como o funcionalismo aceitar, passivamente, os desvios de recursos por um esquema criminoso. &#8220;J\u00e1 consultei meu advogado. Vamos reunir o maior grupo poss\u00edvel de servidores para cobrar do Planejamento o que nos tiraram ilegalmente&#8221;, diz.<\/p>\n<p>&nbsp;<\/p>\n<p><em>Bras\u00edlia, 15h10min<\/em><\/p>\n","protected":false},"excerpt":{"rendered":"<p>H\u00e1 uma clara disposi\u00e7\u00e3o de servidores p\u00fablicos de irem \u00e0 Justi\u00e7a para cobrar o que pagaram a mais em empr\u00e9stimos consignados para sustentar o esquema de propina comandado por Paulo Bernardo, ex-ministro do Planejamento de Lula. Segundo a Pol\u00edcia Federal, cada servidor aposentado e da ativa que tomou um financiamento com desconto em folha pagou [&hellip;]<\/p>\n","protected":false},"author":22,"featured_media":0,"comment_status":"open","ping_status":"closed","sticky":false,"template":"","format":"standard","meta":{"wpb_read_more":[],"footnotes":""},"categories":[1],"tags":[350,407,409,415,282,349,123],"class_list":["post-1642","post","type-post","status-publish","format-standard","hentry","category-sem-categoria","tag-carlos-gabas","tag-consignado","tag-consist","tag-fraudes","tag-justica","tag-paulo-bernardo","tag-servidores"],"_links":{"self":[{"href":"https:\/\/blogs2.correiobraziliense.com.br\/vicente\/wp-json\/wp\/v2\/posts\/1642","targetHints":{"allow":["GET"]}}],"collection":[{"href":"https:\/\/blogs2.correiobraziliense.com.br\/vicente\/wp-json\/wp\/v2\/posts"}],"about":[{"href":"https:\/\/blogs2.correiobraziliense.com.br\/vicente\/wp-json\/wp\/v2\/types\/post"}],"author":[{"embeddable":true,"href":"https:\/\/blogs2.correiobraziliense.com.br\/vicente\/wp-json\/wp\/v2\/users\/22"}],"replies":[{"embeddable":true,"href":"https:\/\/blogs2.correiobraziliense.com.br\/vicente\/wp-json\/wp\/v2\/comments?post=1642"}],"version-history":[{"count":1,"href":"https:\/\/blogs2.correiobraziliense.com.br\/vicente\/wp-json\/wp\/v2\/posts\/1642\/revisions"}],"predecessor-version":[{"id":1643,"href":"https:\/\/blogs2.correiobraziliense.com.br\/vicente\/wp-json\/wp\/v2\/posts\/1642\/revisions\/1643"}],"wp:attachment":[{"href":"https:\/\/blogs2.correiobraziliense.com.br\/vicente\/wp-json\/wp\/v2\/media?parent=1642"}],"wp:term":[{"taxonomy":"category","embeddable":true,"href":"https:\/\/blogs2.correiobraziliense.com.br\/vicente\/wp-json\/wp\/v2\/categories?post=1642"},{"taxonomy":"post_tag","embeddable":true,"href":"https:\/\/blogs2.correiobraziliense.com.br\/vicente\/wp-json\/wp\/v2\/tags?post=1642"}],"curies":[{"name":"wp","href":"https:\/\/api.w.org\/{rel}","templated":true}]}}