{"id":1647,"date":"2016-06-24T16:15:22","date_gmt":"2016-06-24T19:15:22","guid":{"rendered":"https:\/\/blogs2.correiobraziliense.com.br\/vicente\/?p=1647"},"modified":"2016-06-25T20:55:55","modified_gmt":"2016-06-25T23:55:55","slug":"brasil-destroi-72-615-empregos-formais-em-maio","status":"publish","type":"post","link":"https:\/\/blogs2.correiobraziliense.com.br\/vicente\/brasil-destroi-72-615-empregos-formais-em-maio\/","title":{"rendered":"Brasil destr\u00f3i 72.615 empregos formais em maio"},"content":{"rendered":"<p style=\"text-align: left\">POR MARLLA SABINO<\/p>\n<p>&nbsp;<\/p>\n<p>A recess\u00e3o econ\u00f4mica n\u00e3o d\u00e1 tr\u00e9gua aos trabalhadores. Em maio, segundo, o Cadastro Geral de Empregados e Desempregados (Caged), o Brasil destruiu 72.615 empregos com carteira assinada. Foi o 14\u00ba m\u00eas consecutivo de fechamento de vagas formais no pa\u00eds. Em maio do ano passado, o saldo foi negativo em 115.559 postos.<\/p>\n<p>&nbsp;<\/p>\n<p>Conforme o Caged, o setor de servi\u00e7os foi o que mais demitiu, respondendo por 36.960 cortes. J\u00e1 o com\u00e9rcio registrou saldo negativo de 28.885 e a ind\u00fastria, de 21.162. Somente a agricultura e o setor p\u00fablico contrataram mais empregados do que demitiram. Foram 43.117 postos 1.391, respectivamente.<\/p>\n<p>&nbsp;<\/p>\n<p>Em 12 meses, o pa\u00eds perdeu 1,781 milh\u00e3o de empregos formais. No acumulado do ano, foram fechados 448.011 postos.<\/p>\n","protected":false},"excerpt":{"rendered":"<p>POR MARLLA SABINO &nbsp; A recess\u00e3o econ\u00f4mica n\u00e3o d\u00e1 tr\u00e9gua aos trabalhadores. Em maio, segundo, o Cadastro Geral de Empregados e Desempregados (Caged), o Brasil destruiu 72.615 empregos com carteira assinada. Foi o 14\u00ba m\u00eas consecutivo de fechamento de vagas formais no pa\u00eds. Em maio do ano passado, o saldo foi negativo em 115.559 postos. [&hellip;]<\/p>\n","protected":false},"author":22,"featured_media":0,"comment_status":"open","ping_status":"closed","sticky":false,"template":"","format":"standard","meta":{"wpb_read_more":[],"footnotes":""},"categories":[1],"tags":[413,412,71,299,31,414],"class_list":["post-1647","post","type-post","status-publish","format-standard","hentry","category-sem-categoria","tag-caged","tag-demissoes","tag-desemprego","tag-maio","tag-recessao","tag-servicos"],"_links":{"self":[{"href":"https:\/\/blogs2.correiobraziliense.com.br\/vicente\/wp-json\/wp\/v2\/posts\/1647","targetHints":{"allow":["GET"]}}],"collection":[{"href":"https:\/\/blogs2.correiobraziliense.com.br\/vicente\/wp-json\/wp\/v2\/posts"}],"about":[{"href":"https:\/\/blogs2.correiobraziliense.com.br\/vicente\/wp-json\/wp\/v2\/types\/post"}],"author":[{"embeddable":true,"href":"https:\/\/blogs2.correiobraziliense.com.br\/vicente\/wp-json\/wp\/v2\/users\/22"}],"replies":[{"embeddable":true,"href":"https:\/\/blogs2.correiobraziliense.com.br\/vicente\/wp-json\/wp\/v2\/comments?post=1647"}],"version-history":[{"count":3,"href":"https:\/\/blogs2.correiobraziliense.com.br\/vicente\/wp-json\/wp\/v2\/posts\/1647\/revisions"}],"predecessor-version":[{"id":1657,"href":"https:\/\/blogs2.correiobraziliense.com.br\/vicente\/wp-json\/wp\/v2\/posts\/1647\/revisions\/1657"}],"wp:attachment":[{"href":"https:\/\/blogs2.correiobraziliense.com.br\/vicente\/wp-json\/wp\/v2\/media?parent=1647"}],"wp:term":[{"taxonomy":"category","embeddable":true,"href":"https:\/\/blogs2.correiobraziliense.com.br\/vicente\/wp-json\/wp\/v2\/categories?post=1647"},{"taxonomy":"post_tag","embeddable":true,"href":"https:\/\/blogs2.correiobraziliense.com.br\/vicente\/wp-json\/wp\/v2\/tags?post=1647"}],"curies":[{"name":"wp","href":"https:\/\/api.w.org\/{rel}","templated":true}]}}