{"id":16479,"date":"2020-11-10T10:34:45","date_gmt":"2020-11-10T13:34:45","guid":{"rendered":"https:\/\/blogs2.correiobraziliense.com.br\/vicente\/?p=16479"},"modified":"2020-11-10T14:51:37","modified_gmt":"2020-11-10T17:51:37","slug":"bolsonaro-ao-celebrar-suspensao-de-testes-de-vacina-poe-reeleicao-acima-da-saude-da-populacao","status":"publish","type":"post","link":"https:\/\/blogs2.correiobraziliense.com.br\/vicente\/bolsonaro-ao-celebrar-suspensao-de-testes-de-vacina-poe-reeleicao-acima-da-saude-da-populacao\/","title":{"rendered":"Bolsonaro, ao celebrar suspens\u00e3o de testes de vacina, p\u00f5e reelei\u00e7\u00e3o acima da sa\u00fade da popula\u00e7\u00e3o"},"content":{"rendered":"<h2>O presidente Jair Bolsonaro deu mostras claras de seu desprezo pela sa\u00fade da popula\u00e7\u00e3o ao comemorar a suspens\u00e3o dos estudos da vacina CoronaVac, uma parceria do Instituto Butantan com o laborat\u00f3rio chin\u00eas Sinovac. A interrup\u00e7\u00e3o n\u00e3o aconteceu por quest\u00f5es t\u00e9cnicas, mas pol\u00edticas. Bolsonaro s\u00f3 est\u00e1 preocupado com a sua reelei\u00e7\u00e3o.<\/h2>\n<p>&nbsp;<\/p>\n<p>A politiza\u00e7\u00e3o da Ag\u00eancia Nacional de Vigil\u00e2ncia Sanit\u00e1ria (Anvisa) est\u00e1 clara. <a href=\"https:\/\/blogs2.correiobraziliense.com.br\/vicente\/anvisa-interrompe-os-estudos-clinicos-da-vacina-coronavac\/\">A decis\u00e3o de suspender os estudos da CoronaVac<\/a> n\u00e3o est\u00e1 compat\u00edvel com as regras mundiais. \u00c9 verdade que houve um evento de natureza grave com um dos participantes dos testes, mas a Anvisa havia sido comunicada em 6 de outubro de que o fato era externo aos testes, ou seja, n\u00e3o tinha liga\u00e7\u00e3o direta com a vacina.<\/p>\n<p>&nbsp;<\/p>\n<p>Na manh\u00e3 desta ter\u00e7a-feira (10\/11), Bolsonaro afirmou que, diante da interrup\u00e7\u00e3o dos estudos, &#8220;ganhou&#8221; mais uma disputa contra o governador de S\u00e3o Paulo, Jo\u00e3o D\u00f3ria, que vem ressaltando o sucesso da Coronavac no combate \u00e0 covid-19.<\/p>\n<p>&nbsp;<\/p>\n<p>&#8220;Morte, invalidez, anomalia. Esta \u00e9 a vacina que o D\u00f3ria queria obrigar a todos os paulistanos tom\u00e1-la. O Presidente disse que a vacina jamais poderia ser obrigat\u00f3ria. Mais uma que Jair Bolsonaro ganha&#8221;, escreveu Bolsonaro em resposta a um\u00a0seguidor dele no Facebook.<\/p>\n<p>&nbsp;<\/p>\n<p><strong>Sa\u00fade da popula\u00e7\u00e3o em risco<\/strong><\/p>\n<p>&nbsp;<\/p>\n<p>O diretor do Instituto Butantan, Dimas Covas, garante que o evento que teria levado a Anvisa a suspender os testes com a Coronavac nada tem a ver com a vacina. Ele diz que n\u00e3o pode dar mais detalhes p\u00fablicos, por causa do sigilo das pesquisas. \u00c9 preciso, segundo ele, preservar a fam\u00edlia da pessoa que teria morrido (ele n\u00e3o confirma, mas teria sido por suic\u00eddio).<\/p>\n<p>&nbsp;<\/p>\n<p>Como presidente do Brasil, Bolsonaro deveria lamentar a interrup\u00e7\u00e3o dos testes \u2014 que tamb\u00e9m aconteceu com a vacina testada pela Oxford e pela AstraZeneca, mas por decis\u00e3o dos pesquisadores \u2014, pois isso atrasa ainda mais a perspectiva de se ter um imunizante contra o novo coronav\u00edrus.<\/p>\n<p>&nbsp;<\/p>\n<p>\u00c9 preciso ressaltar a gravidade da pandemia, que, infelizmente, at\u00e9 hoje Bolsonaro n\u00e3o entendeu. Para todo mundo, \u00e9 melhor que tenhamos uma vacina logo, pois isso pode conter os efeitos de uma eventual segunda onda de covid-19 e evitar um novo tombo na economia.<\/p>\n<p>&nbsp;<\/p>\n<p>Bolsonaro, ao politizar a vacina\u00e7\u00e3o contra a covid, d\u00e1 mais um p\u00e9ssimo exemplo. Para ele, na guerra por mais quatro anos de poder, vale colocar a sa\u00fade da popula\u00e7\u00e3o em risco. N\u00e3o custa lembrar que o Instituto Butantan, que o presidente tenta desqualificar, tem mais de 110 anos de tradi\u00e7\u00e3o e produz 75% de todas as vacinas tomadas com toda a seguran\u00e7a pelos brasileiros.<\/p>\n<p>&nbsp;<\/p>\n<p><em>Bras\u00edlia, 10h34min<\/em><\/p>\n","protected":false},"excerpt":{"rendered":"<p>O presidente Jair Bolsonaro deu mostras claras de seu desprezo pela sa\u00fade da popula\u00e7\u00e3o ao comemorar a suspens\u00e3o dos estudos da vacina CoronaVac, uma parceria do Instituto Butantan com o laborat\u00f3rio chin\u00eas Sinovac. A interrup\u00e7\u00e3o n\u00e3o aconteceu por quest\u00f5es t\u00e9cnicas, mas pol\u00edticas. Bolsonaro s\u00f3 est\u00e1 preocupado com a sua reelei\u00e7\u00e3o. &nbsp; A politiza\u00e7\u00e3o da Ag\u00eancia [&hellip;]<\/p>\n","protected":false},"author":22,"featured_media":13888,"comment_status":"open","ping_status":"closed","sticky":false,"template":"","format":"standard","meta":{"wpb_read_more":[],"footnotes":""},"categories":[600],"tags":[5033,2554,589,5034,2787,579],"class_list":["post-16479","post","type-post","status-publish","format-standard","has-post-thumbnail","hentry","category-economia","tag-ao-celebrar-suspensao-de-testes-de-vacina","tag-bolsonaro","tag-economia","tag-poe-reeleicao-acima-da-saude-da-populacao","tag-politica","tag-saude"],"_links":{"self":[{"href":"https:\/\/blogs2.correiobraziliense.com.br\/vicente\/wp-json\/wp\/v2\/posts\/16479","targetHints":{"allow":["GET"]}}],"collection":[{"href":"https:\/\/blogs2.correiobraziliense.com.br\/vicente\/wp-json\/wp\/v2\/posts"}],"about":[{"href":"https:\/\/blogs2.correiobraziliense.com.br\/vicente\/wp-json\/wp\/v2\/types\/post"}],"author":[{"embeddable":true,"href":"https:\/\/blogs2.correiobraziliense.com.br\/vicente\/wp-json\/wp\/v2\/users\/22"}],"replies":[{"embeddable":true,"href":"https:\/\/blogs2.correiobraziliense.com.br\/vicente\/wp-json\/wp\/v2\/comments?post=16479"}],"version-history":[{"count":4,"href":"https:\/\/blogs2.correiobraziliense.com.br\/vicente\/wp-json\/wp\/v2\/posts\/16479\/revisions"}],"predecessor-version":[{"id":16486,"href":"https:\/\/blogs2.correiobraziliense.com.br\/vicente\/wp-json\/wp\/v2\/posts\/16479\/revisions\/16486"}],"wp:featuredmedia":[{"embeddable":true,"href":"https:\/\/blogs2.correiobraziliense.com.br\/vicente\/wp-json\/wp\/v2\/media\/13888"}],"wp:attachment":[{"href":"https:\/\/blogs2.correiobraziliense.com.br\/vicente\/wp-json\/wp\/v2\/media?parent=16479"}],"wp:term":[{"taxonomy":"category","embeddable":true,"href":"https:\/\/blogs2.correiobraziliense.com.br\/vicente\/wp-json\/wp\/v2\/categories?post=16479"},{"taxonomy":"post_tag","embeddable":true,"href":"https:\/\/blogs2.correiobraziliense.com.br\/vicente\/wp-json\/wp\/v2\/tags?post=16479"}],"curies":[{"name":"wp","href":"https:\/\/api.w.org\/{rel}","templated":true}]}}