{"id":16483,"date":"2020-11-10T13:48:22","date_gmt":"2020-11-10T16:48:22","guid":{"rendered":"https:\/\/blogs2.correiobraziliense.com.br\/vicente\/?p=16483"},"modified":"2020-11-10T14:50:50","modified_gmt":"2020-11-10T17:50:50","slug":"bolsonaro-usou-um-suicidio-para-tirar-vantagem-politica-ele-deve-desculpas-ao-pais","status":"publish","type":"post","link":"https:\/\/blogs2.correiobraziliense.com.br\/vicente\/bolsonaro-usou-um-suicidio-para-tirar-vantagem-politica-ele-deve-desculpas-ao-pais\/","title":{"rendered":"Bolsonaro usou um suic\u00eddio para tirar vantagem pol\u00edtica. Ele deve desculpas ao pa\u00eds"},"content":{"rendered":"<h2>O Brasil, realmente, vive um dos piores momentos de sua hist\u00f3ria. <a href=\"https:\/\/blogs2.correiobraziliense.com.br\/vicente\/bolsonaro-ao-celebrar-suspensao-de-testes-de-vacina-poe-reeleicao-acima-da-saude-da-populacao\/\">O presidente Jair Bolsonaro ultrapassou todos os limites do bom-senso<\/a> nesta ter\u00e7a-feira (10\/11) ao tentar tirar proveito pol\u00edtico de um caso de suic\u00eddio. Ele comemorou a morte de uma pessoa para fustigar seu advers\u00e1rio, o governador de S\u00e3o Paulo, Jo\u00e3o D\u00f3ria.<\/h2>\n<p>&nbsp;<\/p>\n<p>Em outubro, o Instituto Butantan informou \u00e0 Ag\u00eancia Nacional de Vigil\u00e2ncia Sanit\u00e1ria (Anvisa) que havia registrado um &#8220;evento adverso grave&#8221; com um dos volunt\u00e1rios dos testes da vacina CoronaVac, desenvolvida pelo laborat\u00f3rio paulista com a empresa chinesa Sinovac. O Butantan ressaltou que o evento nada tinha a ver com os testes do imunizante.<\/p>\n<p>&nbsp;<\/p>\n<p>Pois, na noite de segunda-feira (09\/11), <a href=\"https:\/\/blogs2.correiobraziliense.com.br\/vicente\/anvisa-interrompe-os-estudos-clinicos-da-vacina-coronavac\/\">a Anvisa, surpreendentemente, suspendeu os testes da CoronaVac<\/a>, mesmo sabendo que o volunt\u00e1rio, um homem de 33 anos, n\u00e3o morreu em consequ\u00eancia dos efeitos da vacina, mas, sim, porque tirou a pr\u00f3pria vida. Suicidou-se.<\/p>\n<p>&nbsp;<\/p>\n<p>Sem qualquer pudor em rela\u00e7\u00e3o ao fato, Bolsonaro usou uma rede social para se gabar de que, com a suspens\u00e3o dos testes da CoronaVac, tinha ganhado mais uma disputa com D\u00f3ria.\u00a0\u201cMorte, invalidez, anomalia. Esta \u00e9 a vacina que o D\u00f3ria queria obrigar a todos os paulistanos tom\u00e1-la. O Presidente disse que a vacina jamais poderia ser obrigat\u00f3ria. Mais uma que Jair Bolsonaro ganha\u201d, escreveu Bolsonaro em resposta a um seguidor dele no Facebook.<\/p>\n<p>&nbsp;<\/p>\n<p>O Instituto Butantan teve todo o cuidado para manter a causa da morte do volunt\u00e1rio sob sigilo a fim de proteger a fam\u00edlia dele. Houve v\u00e1rios questionamentos da imprensa sobre a causa mortis, mas os representantes do instituto n\u00e3o quiseram torn\u00e1-lo p\u00fablico, por respeito.<\/p>\n<p>&nbsp;<\/p>\n<p>Respeito que, por sinal, faltou a Bolsonaro. O presidente, infelizmente, d\u00e1 cada vez mais mostras de que n\u00e3o est\u00e1 preparando para o cargo que ocupa. Primeiro, por comemorar a suspens\u00e3o dos testes de uma vacina em meio a uma grave pandemia. Segundo, e pior, por usar o caso de um suic\u00eddio para tentar tirar vantagens pol\u00edticas.<\/p>\n<p>&nbsp;<\/p>\n<p>Bolsonaro deve desculpas \u00e0 fam\u00edlia do volunt\u00e1rio morto. Deve desculpas ao pa\u00eds.<\/p>\n<p>&nbsp;<\/p>\n<p>O que torna o caso mais tr\u00e1gico \u00e9 que n\u00e3o h\u00e1 nenhuma perspectiva de respeito por parte de Bolsonaro. Essa \u00e9 uma palavra que n\u00e3o existe no dicion\u00e1rio dele. Pobre Brasil.<\/p>\n<p>&nbsp;<\/p>\n<p><em>Bras\u00edlia, 13h48min<\/em><\/p>\n","protected":false},"excerpt":{"rendered":"<p>O Brasil, realmente, vive um dos piores momentos de sua hist\u00f3ria. O presidente Jair Bolsonaro ultrapassou todos os limites do bom-senso nesta ter\u00e7a-feira (10\/11) ao tentar tirar proveito pol\u00edtico de um caso de suic\u00eddio. Ele comemorou a morte de uma pessoa para fustigar seu advers\u00e1rio, o governador de S\u00e3o Paulo, Jo\u00e3o D\u00f3ria. &nbsp; Em outubro, [&hellip;]<\/p>\n","protected":false},"author":22,"featured_media":13776,"comment_status":"open","ping_status":"closed","sticky":false,"template":"","format":"standard","meta":{"wpb_read_more":[],"footnotes":""},"categories":[600],"tags":[5035,589,2787,579],"class_list":["post-16483","post","type-post","status-publish","format-standard","has-post-thumbnail","hentry","category-economia","tag-bolsonaro-usou-um-suicidio-para-tirar-vantagem-politica-ele-deve-desculpas-ao-pais","tag-economia","tag-politica","tag-saude"],"_links":{"self":[{"href":"https:\/\/blogs2.correiobraziliense.com.br\/vicente\/wp-json\/wp\/v2\/posts\/16483","targetHints":{"allow":["GET"]}}],"collection":[{"href":"https:\/\/blogs2.correiobraziliense.com.br\/vicente\/wp-json\/wp\/v2\/posts"}],"about":[{"href":"https:\/\/blogs2.correiobraziliense.com.br\/vicente\/wp-json\/wp\/v2\/types\/post"}],"author":[{"embeddable":true,"href":"https:\/\/blogs2.correiobraziliense.com.br\/vicente\/wp-json\/wp\/v2\/users\/22"}],"replies":[{"embeddable":true,"href":"https:\/\/blogs2.correiobraziliense.com.br\/vicente\/wp-json\/wp\/v2\/comments?post=16483"}],"version-history":[{"count":2,"href":"https:\/\/blogs2.correiobraziliense.com.br\/vicente\/wp-json\/wp\/v2\/posts\/16483\/revisions"}],"predecessor-version":[{"id":16485,"href":"https:\/\/blogs2.correiobraziliense.com.br\/vicente\/wp-json\/wp\/v2\/posts\/16483\/revisions\/16485"}],"wp:featuredmedia":[{"embeddable":true,"href":"https:\/\/blogs2.correiobraziliense.com.br\/vicente\/wp-json\/wp\/v2\/media\/13776"}],"wp:attachment":[{"href":"https:\/\/blogs2.correiobraziliense.com.br\/vicente\/wp-json\/wp\/v2\/media?parent=16483"}],"wp:term":[{"taxonomy":"category","embeddable":true,"href":"https:\/\/blogs2.correiobraziliense.com.br\/vicente\/wp-json\/wp\/v2\/categories?post=16483"},{"taxonomy":"post_tag","embeddable":true,"href":"https:\/\/blogs2.correiobraziliense.com.br\/vicente\/wp-json\/wp\/v2\/tags?post=16483"}],"curies":[{"name":"wp","href":"https:\/\/api.w.org\/{rel}","templated":true}]}}