{"id":16492,"date":"2020-11-11T12:31:03","date_gmt":"2020-11-11T15:31:03","guid":{"rendered":"https:\/\/blogs2.correiobraziliense.com.br\/vicente\/?p=16492"},"modified":"2020-11-11T12:45:37","modified_gmt":"2020-11-11T15:45:37","slug":"preparem-o-bolso-petrobras-reajusta-gasolina-em-6","status":"publish","type":"post","link":"https:\/\/blogs2.correiobraziliense.com.br\/vicente\/preparem-o-bolso-petrobras-reajusta-gasolina-em-6\/","title":{"rendered":"Preparem o bolso: Petrobras reajusta gasolina em 6%"},"content":{"rendered":"<h2>Quem j\u00e1 est\u00e1 assustado com os pre\u00e7os dos combust\u00edveis deve preparar o bolso: a Petrobras anunciou reajuste de 6% no valor da gasolina nas refinarias e de 5% no litro do \u00f3leo diesel. Os novos pre\u00e7os entrar\u00e3o em vigor nesta quinta-feira (12\/11).<\/h2>\n<p>&nbsp;<\/p>\n<p>Os donos de postos j\u00e1 avisaram que n\u00e3o se intimidar\u00e3o em repassar, integralmente, os aumentos para as bombas. Afinal, o consumo de combust\u00edveis voltou a crescer, quase retornando aos n\u00edveis pr\u00e9-pandemia.<\/p>\n<p>&nbsp;<\/p>\n<p>&#8220;Com o consumo se recuperando, fica mais f\u00e1cil repassar os aumentos para os consumidores&#8221;, diz um gerente de posto. &#8220;Essa \u00e9 a lei do mercado. As margens dos postos andam muito baixas. Portanto, temos que manter a rentabilidade m\u00ednima dos empreendimentos&#8221;, acrescenta.<\/p>\n<p>&nbsp;<\/p>\n<p>A Petrobras apresenta como justificativas para os mais recentes aumentos de pre\u00e7os de combust\u00edveis no pa\u00eds a disparada dos pre\u00e7os do d\u00f3lar e a recupera\u00e7\u00e3o da cota\u00e7\u00e3o do petr\u00f3leo no mercado internacional.<\/p>\n","protected":false},"excerpt":{"rendered":"<p>Quem j\u00e1 est\u00e1 assustado com os pre\u00e7os dos combust\u00edveis deve preparar o bolso: a Petrobras anunciou reajuste de 6% no valor da gasolina nas refinarias e de 5% no litro do \u00f3leo diesel. Os novos pre\u00e7os entrar\u00e3o em vigor nesta quinta-feira (12\/11). &nbsp; Os donos de postos j\u00e1 avisaram que n\u00e3o se intimidar\u00e3o em repassar, [&hellip;]<\/p>\n","protected":false},"author":22,"featured_media":12590,"comment_status":"open","ping_status":"closed","sticky":false,"template":"","format":"standard","meta":{"wpb_read_more":[],"footnotes":""},"categories":[600],"tags":[998,589,4943,4547,5038],"class_list":["post-16492","post","type-post","status-publish","format-standard","has-post-thumbnail","hentry","category-economia","tag-combustiveis","tag-economia","tag-financas","tag-negocios","tag-preparem-o-bolso-petrobras-reajusta-gasolina-em-6"],"_links":{"self":[{"href":"https:\/\/blogs2.correiobraziliense.com.br\/vicente\/wp-json\/wp\/v2\/posts\/16492","targetHints":{"allow":["GET"]}}],"collection":[{"href":"https:\/\/blogs2.correiobraziliense.com.br\/vicente\/wp-json\/wp\/v2\/posts"}],"about":[{"href":"https:\/\/blogs2.correiobraziliense.com.br\/vicente\/wp-json\/wp\/v2\/types\/post"}],"author":[{"embeddable":true,"href":"https:\/\/blogs2.correiobraziliense.com.br\/vicente\/wp-json\/wp\/v2\/users\/22"}],"replies":[{"embeddable":true,"href":"https:\/\/blogs2.correiobraziliense.com.br\/vicente\/wp-json\/wp\/v2\/comments?post=16492"}],"version-history":[{"count":1,"href":"https:\/\/blogs2.correiobraziliense.com.br\/vicente\/wp-json\/wp\/v2\/posts\/16492\/revisions"}],"predecessor-version":[{"id":16493,"href":"https:\/\/blogs2.correiobraziliense.com.br\/vicente\/wp-json\/wp\/v2\/posts\/16492\/revisions\/16493"}],"wp:featuredmedia":[{"embeddable":true,"href":"https:\/\/blogs2.correiobraziliense.com.br\/vicente\/wp-json\/wp\/v2\/media\/12590"}],"wp:attachment":[{"href":"https:\/\/blogs2.correiobraziliense.com.br\/vicente\/wp-json\/wp\/v2\/media?parent=16492"}],"wp:term":[{"taxonomy":"category","embeddable":true,"href":"https:\/\/blogs2.correiobraziliense.com.br\/vicente\/wp-json\/wp\/v2\/categories?post=16492"},{"taxonomy":"post_tag","embeddable":true,"href":"https:\/\/blogs2.correiobraziliense.com.br\/vicente\/wp-json\/wp\/v2\/tags?post=16492"}],"curies":[{"name":"wp","href":"https:\/\/api.w.org\/{rel}","templated":true}]}}