{"id":16494,"date":"2020-11-11T13:07:41","date_gmt":"2020-11-11T16:07:41","guid":{"rendered":"https:\/\/blogs2.correiobraziliense.com.br\/vicente\/?p=16494"},"modified":"2020-11-11T18:33:38","modified_gmt":"2020-11-11T21:33:38","slug":"general-villas-boas-vira-muro-das-lamentacoes-de-militares-contra-bolsonaro","status":"publish","type":"post","link":"https:\/\/blogs2.correiobraziliense.com.br\/vicente\/general-villas-boas-vira-muro-das-lamentacoes-de-militares-contra-bolsonaro\/","title":{"rendered":"General Villas B\u00f4as vira muro das lamenta\u00e7\u00f5es de militares contra Bolsonaro"},"content":{"rendered":"<h2>Os militares que deram suporte \u00e0 elei\u00e7\u00e3o do presidente Jair Bolsonaro \u2014 v\u00e1rios deles foram expelidos do Pal\u00e1cio do Planalto \u2014 elegeram o general Villas B\u00f4as como muro das lamenta\u00e7\u00f5es contra o chefe do Executivo.<\/h2>\n<p>&nbsp;<\/p>\n<p>Refer\u00eancia para a caserna, Villas B\u00f4as \u00e9 visto como um dos poucos que ainda conseguem colocar um freio em Bolsonaro, que est\u00e1 cada vez mais tresloucado diante da possibilidade real de o Minist\u00e9rio P\u00fablico pegar o filho 01, o senador Fl\u00e1vio Bolsonaro, por causa das rachadinhas, e de se constru\u00edrem candidaturas que possam lhe apear do poder.<\/p>\n<p>&nbsp;<\/p>\n<p>Para os queixosos, o presidente da Rep\u00fablica est\u00e1 metendo os p\u00e9s pelas m\u00e3os ao destruir o pouco da credibilidade que resta ao governo, transformar os militares em motivo de chacota, deixar a economia flertar com uma perigosa volta da infla\u00e7\u00e3o e atentar contra a sa\u00fade p\u00fablica ao desqualificar a vacina\u00e7\u00e3o contra a covid-19.<\/p>\n<p>&nbsp;<\/p>\n<p>Por enquanto, a determina\u00e7\u00e3o \u00e9 de que apenas os militares que deixaram o governo, mas t\u00eam tr\u00e2nsito livre com Villas B\u00f4as, critiquem o presidente da Rep\u00fablica. S\u00e3o os casos dos generais Santos Cruz e R\u00eago Barros. Mas o coro vai engrossar caso Bolsonaro mantenha o comportamento descontrolado.<\/p>\n<p>&nbsp;<\/p>\n<p>Dentro dessa estrat\u00e9gia, o vice-presidente da Rep\u00fablica, general Hamilton Mour\u00e3o, foi aconselhado a n\u00e3o partir para o confronto p\u00fablico com Bolsonaro. Mas quem conhece o vice sabe o quanto isso est\u00e1 custando para ele. O general e o presidente mal se falam h\u00e1 mais de uma semana.<\/p>\n<p>&nbsp;<\/p>\n<p><em>Bras\u00edlia, 13h07min<\/em><\/p>\n","protected":false},"excerpt":{"rendered":"<p>Os militares que deram suporte \u00e0 elei\u00e7\u00e3o do presidente Jair Bolsonaro \u2014 v\u00e1rios deles foram expelidos do Pal\u00e1cio do Planalto \u2014 elegeram o general Villas B\u00f4as como muro das lamenta\u00e7\u00f5es contra o chefe do Executivo. &nbsp; Refer\u00eancia para a caserna, Villas B\u00f4as \u00e9 visto como um dos poucos que ainda conseguem colocar um freio em [&hellip;]<\/p>\n","protected":false},"author":22,"featured_media":16495,"comment_status":"open","ping_status":"closed","sticky":false,"template":"","format":"standard","meta":{"wpb_read_more":[],"footnotes":""},"categories":[600],"tags":[589,5039,769,2787],"class_list":["post-16494","post","type-post","status-publish","format-standard","has-post-thumbnail","hentry","category-economia","tag-economia","tag-general-villas-boas-vira-muro-das-lamentacoes-de-militares-contra-bolsonaro","tag-militares","tag-politica"],"_links":{"self":[{"href":"https:\/\/blogs2.correiobraziliense.com.br\/vicente\/wp-json\/wp\/v2\/posts\/16494","targetHints":{"allow":["GET"]}}],"collection":[{"href":"https:\/\/blogs2.correiobraziliense.com.br\/vicente\/wp-json\/wp\/v2\/posts"}],"about":[{"href":"https:\/\/blogs2.correiobraziliense.com.br\/vicente\/wp-json\/wp\/v2\/types\/post"}],"author":[{"embeddable":true,"href":"https:\/\/blogs2.correiobraziliense.com.br\/vicente\/wp-json\/wp\/v2\/users\/22"}],"replies":[{"embeddable":true,"href":"https:\/\/blogs2.correiobraziliense.com.br\/vicente\/wp-json\/wp\/v2\/comments?post=16494"}],"version-history":[{"count":1,"href":"https:\/\/blogs2.correiobraziliense.com.br\/vicente\/wp-json\/wp\/v2\/posts\/16494\/revisions"}],"predecessor-version":[{"id":16496,"href":"https:\/\/blogs2.correiobraziliense.com.br\/vicente\/wp-json\/wp\/v2\/posts\/16494\/revisions\/16496"}],"wp:featuredmedia":[{"embeddable":true,"href":"https:\/\/blogs2.correiobraziliense.com.br\/vicente\/wp-json\/wp\/v2\/media\/16495"}],"wp:attachment":[{"href":"https:\/\/blogs2.correiobraziliense.com.br\/vicente\/wp-json\/wp\/v2\/media?parent=16494"}],"wp:term":[{"taxonomy":"category","embeddable":true,"href":"https:\/\/blogs2.correiobraziliense.com.br\/vicente\/wp-json\/wp\/v2\/categories?post=16494"},{"taxonomy":"post_tag","embeddable":true,"href":"https:\/\/blogs2.correiobraziliense.com.br\/vicente\/wp-json\/wp\/v2\/tags?post=16494"}],"curies":[{"name":"wp","href":"https:\/\/api.w.org\/{rel}","templated":true}]}}