{"id":16581,"date":"2020-11-18T18:41:13","date_gmt":"2020-11-18T21:41:13","guid":{"rendered":"https:\/\/blogs2.correiobraziliense.com.br\/vicente\/?p=16581"},"modified":"2020-11-18T19:59:51","modified_gmt":"2020-11-18T22:59:51","slug":"o-grande-rolo-de-um-contrato-de-r-23-milhoes-do-ministerio-da-economia","status":"publish","type":"post","link":"https:\/\/blogs2.correiobraziliense.com.br\/vicente\/o-grande-rolo-de-um-contrato-de-r-23-milhoes-do-ministerio-da-economia\/","title":{"rendered":"O grande rolo de um contrato de R$ 23 milh\u00f5es do Minist\u00e9rio da Economia"},"content":{"rendered":"<h2>O Minist\u00e9rio da Economia est\u00e1, h\u00e1 tempos, tentando contratar uma empresa de comunica\u00e7\u00e3o para cuidar de sua imagem e atender a imprensa, mas, a cada dia, o neg\u00f3cio, de R$ 23 milh\u00f5es, fica mais enrolado. \u00c9 o maior contrato nessa \u00e1rea sendo licitado na Esplanada dos Minist\u00e9rios.<\/h2>\n<p>&nbsp;<\/p>\n<p>A licita\u00e7\u00e3o j\u00e1 foi parar na Justi\u00e7a \u2014 uma das empresas, a FSB, foi desclassificada, mas seguiu at\u00e9 a reta final sustentada por uma liminar \u2014 e h\u00e1 um pedido de uma das concorrentes, a S2 Publicom, para que a disputa seja avaliada pelo Conselho Administrativo de Defesa da Concorr\u00eancia (Cade). A alega\u00e7\u00e3o \u00e9 de praticas anticoncorrenciais por parte da CDN, apontada como vencedora do certame.<\/p>\n<p>&nbsp;<\/p>\n<p>O resultado da disputa pelos R$ 23 milh\u00f5es foi publicado no <em>Di\u00e1rio Oficial da Uni\u00e3o<\/em> de 9 de novembro. Mas o martelo ainda est\u00e1 longe de ser batido, pois tr\u00eas recursos foram encaminhados \u00e0 Comiss\u00e3o de Licita\u00e7\u00e3o, todos questionando o desconto de 59,5% no valor proposto pelo Minist\u00e9rio da Economia.<\/p>\n<p>&nbsp;<\/p>\n<p><strong>Contrato prev\u00ea 60 profissionais<\/strong><\/p>\n<p>&nbsp;<\/p>\n<p>Tanto a S2 Publicon quanto a FSB e a Approach, que foi desclassificada porque n\u00e3o entregou os documentos na gramatura de papel especificada em edital, alegam que o desconto proposto pela CDN \u00e9 invi\u00e1vel. Dizem que n\u00e3o \u00e9 poss\u00edvel que um contrato avaliado pelo Minist\u00e9rio da Economia em R$ 23 milh\u00f5es seja executado por pouco mais de R$ 9 milh\u00f5es.<\/p>\n<p>&nbsp;<\/p>\n<p>Pelo edital, a empresa que for contratada pela pasta comandada por Paulo Guedes ter\u00e1 que contratar 60 profissionais, a maioria, de n\u00edvel s\u00eanior, dadas a complexidade do trabalho e as exig\u00eancias impostas em contrato. Os prestadores de servi\u00e7os ter\u00e3o de ficar \u00e0 disposi\u00e7\u00e3o do minist\u00e9rio sete dias por semana.<\/p>\n<p>&nbsp;<\/p>\n<p>Para chegar \u00e0 vencedora da licita\u00e7\u00e3o, o Minist\u00e9rio da Economia divide a pontua\u00e7\u00e3o em duas etapas: a t\u00e9cnica, com peso de 60%, e a de pre\u00e7o, com 40%. Quando os envelopes com as propostas t\u00e9cnicas foram abertos, a Approach apareceu como vencedora. Mas acabou descredenciada por n\u00e3o ter cumprido o requisito da gramatura do papel da proposta (h\u00e1 um laudo feito pela Pol\u00edcia Federal comprovando a falha).<\/p>\n<p>&nbsp;<\/p>\n<p><strong>Explica\u00e7\u00f5es at\u00e9 segunda<\/strong><\/p>\n<p>&nbsp;<\/p>\n<p>Por esse crit\u00e9rio, a S2 Publicom ficou na lideran\u00e7a, seguida, respectivamente, pela FSB e pela CDN. Quando houve a abertura dos envelopes contendo os pre\u00e7os, a CDN assumiu a lideran\u00e7a por causa do desconto de 59,5% sobre os R$ 23 milh\u00f5es, o que est\u00e1 sendo contestado.<\/p>\n<p>&nbsp;<\/p>\n<p>Nos recursos apresentados \u00e0 Comiss\u00e3o de Licita\u00e7\u00e3o do Minist\u00e9rio da Economia, as empresas dizem que a CDN n\u00e3o tem condi\u00e7\u00f5es de prestar, de forma adequada, os servi\u00e7os exigidos em contrato. Alegam, ainda, que, com base em resultados em 11 licita\u00e7\u00f5es semelhantes feitas por \u00f3rg\u00e3os p\u00fablicos, nunca se viu desconto t\u00e3o elevado.<\/p>\n<p>&nbsp;<\/p>\n<p>Por lei, a CDN ter\u00e1 que apresentar ao minist\u00e9rio as justificativas para o desconto proposto na licita\u00e7\u00e3o at\u00e9 a segunda-feira, 23 de novembro.\u00a0 A expectativa entre as empresas que ainda est\u00e3o no p\u00e1reo \u00e9 grande.<\/p>\n<p>&nbsp;<\/p>\n<p><em>Bras\u00edlia, 18h41min<\/em><\/p>\n","protected":false},"excerpt":{"rendered":"<p>O Minist\u00e9rio da Economia est\u00e1, h\u00e1 tempos, tentando contratar uma empresa de comunica\u00e7\u00e3o para cuidar de sua imagem e atender a imprensa, mas, a cada dia, o neg\u00f3cio, de R$ 23 milh\u00f5es, fica mais enrolado. \u00c9 o maior contrato nessa \u00e1rea sendo licitado na Esplanada dos Minist\u00e9rios. &nbsp; A licita\u00e7\u00e3o j\u00e1 foi parar na Justi\u00e7a [&hellip;]<\/p>\n","protected":false},"author":22,"featured_media":13463,"comment_status":"open","ping_status":"closed","sticky":false,"template":"","format":"standard","meta":{"wpb_read_more":[],"footnotes":""},"categories":[600],"tags":[1423,589,4943,5056,3643],"class_list":["post-16581","post","type-post","status-publish","format-standard","has-post-thumbnail","hentry","category-economia","tag-comunicacao","tag-economia","tag-financas","tag-o-grande-rolo-de-um-contrato-de-r-23-milhoes-do-ministerio-da-economia","tag-publicidade"],"_links":{"self":[{"href":"https:\/\/blogs2.correiobraziliense.com.br\/vicente\/wp-json\/wp\/v2\/posts\/16581","targetHints":{"allow":["GET"]}}],"collection":[{"href":"https:\/\/blogs2.correiobraziliense.com.br\/vicente\/wp-json\/wp\/v2\/posts"}],"about":[{"href":"https:\/\/blogs2.correiobraziliense.com.br\/vicente\/wp-json\/wp\/v2\/types\/post"}],"author":[{"embeddable":true,"href":"https:\/\/blogs2.correiobraziliense.com.br\/vicente\/wp-json\/wp\/v2\/users\/22"}],"replies":[{"embeddable":true,"href":"https:\/\/blogs2.correiobraziliense.com.br\/vicente\/wp-json\/wp\/v2\/comments?post=16581"}],"version-history":[{"count":1,"href":"https:\/\/blogs2.correiobraziliense.com.br\/vicente\/wp-json\/wp\/v2\/posts\/16581\/revisions"}],"predecessor-version":[{"id":16582,"href":"https:\/\/blogs2.correiobraziliense.com.br\/vicente\/wp-json\/wp\/v2\/posts\/16581\/revisions\/16582"}],"wp:featuredmedia":[{"embeddable":true,"href":"https:\/\/blogs2.correiobraziliense.com.br\/vicente\/wp-json\/wp\/v2\/media\/13463"}],"wp:attachment":[{"href":"https:\/\/blogs2.correiobraziliense.com.br\/vicente\/wp-json\/wp\/v2\/media?parent=16581"}],"wp:term":[{"taxonomy":"category","embeddable":true,"href":"https:\/\/blogs2.correiobraziliense.com.br\/vicente\/wp-json\/wp\/v2\/categories?post=16581"},{"taxonomy":"post_tag","embeddable":true,"href":"https:\/\/blogs2.correiobraziliense.com.br\/vicente\/wp-json\/wp\/v2\/tags?post=16581"}],"curies":[{"name":"wp","href":"https:\/\/api.w.org\/{rel}","templated":true}]}}