{"id":16689,"date":"2020-12-03T09:16:44","date_gmt":"2020-12-03T12:16:44","guid":{"rendered":"https:\/\/blogs2.correiobraziliense.com.br\/vicente\/?p=16689"},"modified":"2020-12-03T15:41:09","modified_gmt":"2020-12-03T18:41:09","slug":"pib-do-3o-tri-avanca-77-e-nao-recupera-tombo-historico-do-2o-tri","status":"publish","type":"post","link":"https:\/\/blogs2.correiobraziliense.com.br\/vicente\/pib-do-3o-tri-avanca-77-e-nao-recupera-tombo-historico-do-2o-tri\/","title":{"rendered":"PIB do 3\u00ba tri avan\u00e7a 7,7% e n\u00e3o recupera tombo hist\u00f3rico do 2\u00ba tri"},"content":{"rendered":"<h2>ROSANA HESSEL<\/h2>\n<h2><\/h2>\n<h2>O Produto Interno Bruto (PIB) avan\u00e7ou 7,7% no terceiro trimestre na compara\u00e7\u00e3o com os tr\u00eas meses anteriores, quando o tombo hist\u00f3rico que foi levemente corrigido de 9,7% para 9,6%, de acordo com dados do Instituto Brasileiro de Geografia e Estat\u00edstica (IBGE) divulgados nesta quinta-feira (3\/12).<\/h2>\n<p><span style=\"font-weight: 400\">\u00a0<\/span><\/p>\n<p><span style=\"font-weight: 400\">O resultado ficou abaixo da pr\u00e9via do PIB do Banco Central, o IBC-Br, de 9,47%, frustrando a maioria das estimativas do mercado, cuja mediana estava em 8,8%. &#8220;O resultado mostrou recupera\u00e7\u00e3o da economia brasileira, mas aqu\u00e9m do esperado e do suficiente para se considerar uma volta em V&#8221;, afirmou Sergio Vale, economista-chefe da MB Associados, que estava entre os mais otimistas, esperando alta de 9,2% no PIB do terceiro trimestre. Ap\u00f3s o resultado do IBGE, Vale revisou as proje\u00e7\u00f5es e alterou de 3,8% para 4,3% a estimativa de queda do PIB neste ano, e de 2,2% para 2,6% a expectativa de crescimento da economia no ano que vem.<\/span><\/p>\n<p>&nbsp;<\/p>\n<p><span style=\"font-weight: 400\">Com essa alta entre julho e setembro, a atividade econ\u00f4mica interrompe a recess\u00e3o t\u00e9cnica compreendida pelas duas quedas consecutivas, na compara\u00e7\u00e3o na margem (em rela\u00e7\u00e3o ao trimestre anterior), contudo, n\u00e3o \u00e9 suficiente para interromper o tombo de mais de 11% do primeiro semestre do ano devido \u00e0 crise provocada pela pandemia de covid-19. O crescimento do trimestre,\u00a0<\/span><span style=\"font-weight: 400\">segundo o IBGE, foi a maior varia\u00e7\u00e3o desde o in\u00edcio da s\u00e9rie em 1996.<\/span><\/p>\n<p>&nbsp;<\/p>\n<p>Na compara\u00e7\u00e3o com o terceiro trimestre de 2019, a queda foi de 3,9%, e, no acumulado dos quatro trimestres terminados em setembro, houve queda de 3,4% frente aos quatro trimestres imediatamente anteriores.<\/p>\n<p>&nbsp;<\/p>\n<p>Em valores correntes, o PIB do terceiro trimestre de 2020 totalizou R$ 1,891 trilh\u00e3o, sendo R$ 1,627 trilh\u00e3o em valor adicionado (VA) a pre\u00e7os b\u00e1sicos e R$ 264,1 bilh\u00f5es em tributos.<\/p>\n<p>&nbsp;<\/p>\n<p>A taxa de investimento no terceiro trimestre de 2020 foi de 16,2% do PIB, ficando praticamente est\u00e1vel em rela\u00e7\u00e3o a observada no mesmo per\u00edodo de 2019 (16,3%), segundo dados do IBGE.<\/p>\n<p>&nbsp;<\/p>\n<p>A agropecu\u00e1ria caiu 0,5%, a ind\u00fastria teve alta de 14,8% e os servi\u00e7os subiram 6,3%. Entre as atividades industriais, destaca-se o crescimento de 23,7% das ind\u00fastrias de transforma\u00e7\u00e3o.\u00a0 No setor servi\u00e7os, houve crescimento em todos os segmentos, com destaque para com\u00e9rcio (15,9%) e transporte, armazenagem e correio (12,5%),<\/p>\n<p>&nbsp;<\/p>\n<p>Pela \u00f3tica da despesa, a Forma\u00e7\u00e3o Bruta de Capital Fixo (FBCF), term\u00f4metro dos investimentos, cresceu 11% em rela\u00e7\u00e3o ao trimestre imediatamente anterior. A despesa de consumo das fam\u00edlias teve expans\u00e3o de 7,6% e o consumo do governo cresceu 3,5%.<\/p>\n<p>&nbsp;<\/p>\n<p>Conforme os dados do IBGE, no\u00a0acumulado do ano at\u00e9 o terceiro trimestre de 2020, o PIB caiu 5,0% em rela\u00e7\u00e3o a igual per\u00edodo de 2019. Nesta compara\u00e7\u00e3o, a agropecu\u00e1ria cresceu 2,4%. Enquanto isso, a ind\u00fastria encolheu 5,1% e os servi\u00e7os registraram queda de 5,3%.<\/p>\n<p>&nbsp;<\/p>\n","protected":false},"excerpt":{"rendered":"<p>ROSANA HESSEL O Produto Interno Bruto (PIB) avan\u00e7ou 7,7% no terceiro trimestre na compara\u00e7\u00e3o com os tr\u00eas meses anteriores, quando o tombo hist\u00f3rico que foi levemente corrigido de 9,7% para 9,6%, de acordo com dados do Instituto Brasileiro de Geografia e Estat\u00edstica (IBGE) divulgados nesta quinta-feira (3\/12). \u00a0 O resultado ficou abaixo da pr\u00e9via do [&hellip;]<\/p>\n","protected":false},"author":22,"featured_media":16307,"comment_status":"open","ping_status":"closed","sticky":false,"template":"","format":"standard","meta":{"wpb_read_more":[],"footnotes":""},"categories":[600],"tags":[3840,391,58,31],"class_list":["post-16689","post","type-post","status-publish","format-standard","has-post-thumbnail","hentry","category-economia","tag-atividade","tag-ibge","tag-pib","tag-recessao"],"_links":{"self":[{"href":"https:\/\/blogs2.correiobraziliense.com.br\/vicente\/wp-json\/wp\/v2\/posts\/16689","targetHints":{"allow":["GET"]}}],"collection":[{"href":"https:\/\/blogs2.correiobraziliense.com.br\/vicente\/wp-json\/wp\/v2\/posts"}],"about":[{"href":"https:\/\/blogs2.correiobraziliense.com.br\/vicente\/wp-json\/wp\/v2\/types\/post"}],"author":[{"embeddable":true,"href":"https:\/\/blogs2.correiobraziliense.com.br\/vicente\/wp-json\/wp\/v2\/users\/22"}],"replies":[{"embeddable":true,"href":"https:\/\/blogs2.correiobraziliense.com.br\/vicente\/wp-json\/wp\/v2\/comments?post=16689"}],"version-history":[{"count":10,"href":"https:\/\/blogs2.correiobraziliense.com.br\/vicente\/wp-json\/wp\/v2\/posts\/16689\/revisions"}],"predecessor-version":[{"id":16716,"href":"https:\/\/blogs2.correiobraziliense.com.br\/vicente\/wp-json\/wp\/v2\/posts\/16689\/revisions\/16716"}],"wp:featuredmedia":[{"embeddable":true,"href":"https:\/\/blogs2.correiobraziliense.com.br\/vicente\/wp-json\/wp\/v2\/media\/16307"}],"wp:attachment":[{"href":"https:\/\/blogs2.correiobraziliense.com.br\/vicente\/wp-json\/wp\/v2\/media?parent=16689"}],"wp:term":[{"taxonomy":"category","embeddable":true,"href":"https:\/\/blogs2.correiobraziliense.com.br\/vicente\/wp-json\/wp\/v2\/categories?post=16689"},{"taxonomy":"post_tag","embeddable":true,"href":"https:\/\/blogs2.correiobraziliense.com.br\/vicente\/wp-json\/wp\/v2\/tags?post=16689"}],"curies":[{"name":"wp","href":"https:\/\/api.w.org\/{rel}","templated":true}]}}