{"id":167,"date":"2015-08-20T00:01:00","date_gmt":"2015-08-20T03:01:00","guid":{"rendered":"https:\/\/blogs2.correiobraziliense.com.br\/vicente\/consumo_devastado\/"},"modified":"2015-08-20T00:01:00","modified_gmt":"2015-08-20T03:01:00","slug":"consumo_devastado","status":"publish","type":"post","link":"https:\/\/blogs2.correiobraziliense.com.br\/vicente\/consumo_devastado\/","title":{"rendered":"CONSUMO DEVASTADO"},"content":{"rendered":"\n<p>O consumo das fam\u00edlias se transformou na grande alavanca do Produto Interno Bruto (PIB) desde que Lula chegou ao poder em janeiro de 2003. N\u00e3o houve economia por parte do Pal\u00e1cio do Planalto na ado\u00e7\u00e3o de medidas que incentivassem a demanda. O endividamento dos lares virou regra e o Tesouro Nacional foi obrigado a arcar com subs\u00eddios bilion\u00e1rios que destru\u00edram as contas p\u00fablicas. <\/p>\n<p>Mesmo com esse modelo esgotado ao fim da era Lula, em 2010, a presidente Dilma Rousseff manteve firme os est\u00edmulos ao consumo. Ultrapassou todos os limites da responsabilidade acreditando que impulsionaria o PIB e poderia tirar benef\u00edcios eleitorais que lhe garantiriam mais um mandato. Conseguiu se reeleger, apesar da pequena margem de votos. Contudo, destruiu a capacidade das fam\u00edlias de consumirem, sobretudo ao brincar com a infla\u00e7\u00e3o. <\/p>\n<p>O estrago foi tamanho, que o consumo das fam\u00edlias registrou, no segundo trimestre do ano, queda de 1,5%, segundo c\u00e1lculos do economista-chefe do Ita\u00fa Unibanco, Ilan Goldfajn. Foi o segundo tombo consecutivo, sinalizando que o indicador fechar\u00e1 2015 com retra\u00e7\u00e3o \u2014 a primeira em 12 anos. Pior, avisa o especialista, quando o pa\u00eds voltar a crescer, a demanda das fam\u00edlias ser\u00e1 a \u00faltima a reagir. <\/p>\n<p>Por um longo per\u00edodo, os lares sentir\u00e3o o peso da perversa combina\u00e7\u00e3o de infla\u00e7\u00e3o alta, queda na renda, elevado n\u00edvel de endividamento e desemprego. \u201cEm algum momento, a recupera\u00e7\u00e3o vir\u00e1. Mas levar\u00e1 tempo\u201d, avisa Goldfjan. N\u00e3o por acaso, a confian\u00e7a dos consumidores est\u00e1 no ch\u00e3o. Quando olham para a frente, s\u00f3 veem piora nas condi\u00e7\u00f5es de compra. <\/p>\n<p>Esse quadro devastador foi constatado pela Confedera\u00e7\u00e3o Nacional do Com\u00e9rcio (CNC), por meio do \u00edndice que mede a inten\u00e7\u00e3o de compra das fam\u00edlias. O indicador registrou, em agosto, o s\u00e9timo m\u00eas consecutivo de queda, cravando o n\u00edvel mais baixo da s\u00e9rie hist\u00f3rica: 81,8 pontos. Esse recuo decorre, principalmente, do desemprego, que substituiu a infla\u00e7\u00e3o como item que mais afeta a confian\u00e7a dos consumidores. <\/p>\n<p>Ainda que deixe de figurar no topo das preocupa\u00e7\u00f5es dos brasileiros, a infla\u00e7\u00e3o n\u00e3o perdoa. Nos 12 meses terminados em julho, os sal\u00e1rios registraram perda real m\u00e9dia de 4,9%. Enquanto os reajustes ficaram em 4,4%, o \u00cdndice Nacional de Pre\u00e7os ao Consumidor Amplo (IPCA), usado como refer\u00eancia para o sistema de metas do governo, atingiu 9,3%. <\/p>\n<p>A perspectiva \u00e9 de que a massa salarial acumule queda real de 6,7% entre 2015 e 2016, o que representar\u00e1 cerca de R$ 130 bilh\u00f5es a menos no or\u00e7amento das fam\u00edlias. J\u00e1 antevendo esse per\u00edodo de sufoco, muitos consumidores est\u00e3o cortando tudo o que podem da lista de despesas. O plano de sa\u00fade est\u00e1 sendo substitu\u00eddo pelo Sistema \u00danico de Sa\u00fade (SUS). A escola particular foi cancelada e os filhos, matriculados em estabelecimentos p\u00fablicos. Cursos de l\u00edngua ficaram pela metade. <\/p>\n<p><b>Terror e p\u00e2nico<\/b> <\/p>\n<p>O medo das fam\u00edlias com o desemprego \u00e9 mais do que justific\u00e1vel, ressalta o economista Felipe Salles, do Ita\u00fa Unibanco. Somente em julho, pelas contas dele, foram fechadas 127 mil vagas formais de trabalho. A se confirmar esse n\u00famero, em sete meses deste ano ter\u00e3o sido destru\u00eddos quase 500 mil postos com carteira assinada, um baque a mais para a economia. N\u00e3o \u00e9 s\u00f3: quase 90% das pessoas que perderam o emprego dizem que est\u00e3o com maior dificuldade para voltar ao mercado. <\/p>\n<p>O problema, ressalta Salles, \u00e9 que o futuro prev\u00ea mais not\u00edcias ruins. As empresas est\u00e3o desligando unidades de produ\u00e7\u00e3o porque os estoques est\u00e3o excessivos. Acreditava-se que, com esse movimento, o encalhe de mercadorias diminu\u00edsse, mas o que se v\u00ea \u00e9 mais produtos lotando os galp\u00f5es, impondo custos extras \u00e0s companhias. \u201cAs pesquisas mostram que 17% das empresas dizem estar com estoques al\u00e9m do desejado. O ideal seria que esse \u00edndice fosse zero\u201d, destaca. <\/p>\n<p>O legado de Dilma para as fam\u00edlias, portanto, \u00e9 devastador. E explica o porqu\u00ea de a popularidade da petista estar em apenas 7%, n\u00edvel sem precedentes entre os presidentes que estiveram no poder nos \u00faltimos 25 anos. Como a situa\u00e7\u00e3o para os consumidores s\u00f3 vai piorar, \u00e9 dif\u00edcil imaginar que Dilma conseguir\u00e1 ter paz buscando um acord\u00e3o com o presidente do Senado, Renan Calheiros, para sobreviver. Ele ser\u00e1 o primeiro a lhe virar as costas quando as ruas se encherem de trabalhadores que j\u00e1 n\u00e3o conseguem mais abastecer a despensa de casa e pagar as d\u00edvidas que assumiram acreditando na promessa de um pa\u00eds melhor. <\/p>\n<p><b>Infla\u00e7\u00e3o sai de f\u00e9rias<\/b> <\/p>\n<p>\u00bb Ilan Goldfajn, do Ita\u00fa Unibanco, diz que a infla\u00e7\u00e3o \u201csaiu de f\u00e9rias\u201d em agosto e em setembro, o que dar\u00e1 um al\u00edvio e tanto ao Banco Central. Ele prev\u00ea alta de 0,27% e 0,43% para o IPCA, respectivamente, devido a reajustes menores dos alimentos e ao al\u00edvio das tarifas p\u00fablicas. <\/p>\n<p><b>Destino dos juros<\/b> <\/p>\n<p>\u00bb O mercado financeiro, no entanto, n\u00e3o jogou por completo a toalha sobre a possibilidade de o Banco Central elevar mais uma vez a taxa b\u00e1sica de juros (Selic) no m\u00eas que vem, dos atuais 14,25% para 14,50% ao ano. \u201cEu, particularmente, acredito em manuten\u00e7\u00e3o da Selic\u201d, afirma Goldfajn.<i> <\/p>\n<p><\/i><i>Bras\u00edlia, 00h01min<\/i>   <\/p>\n","protected":false},"excerpt":{"rendered":"<p>O consumo das fam\u00edlias se transformou na grande alavanca do Produto Interno Bruto (PIB) desde que Lula chegou ao poder em janeiro de 2003. N\u00e3o houve economia por parte do Pal\u00e1cio do Planalto na ado\u00e7\u00e3o de medidas que incentivassem a demanda. O endividamento dos lares virou regra e o Tesouro Nacional foi obrigado a arcar [&hellip;]<\/p>\n","protected":false},"author":22,"featured_media":0,"comment_status":"open","ping_status":"open","sticky":false,"template":"","format":"standard","meta":{"wpb_read_more":[],"footnotes":""},"categories":[1],"tags":[],"class_list":["post-167","post","type-post","status-publish","format-standard","hentry","category-sem-categoria"],"_links":{"self":[{"href":"https:\/\/blogs2.correiobraziliense.com.br\/vicente\/wp-json\/wp\/v2\/posts\/167","targetHints":{"allow":["GET"]}}],"collection":[{"href":"https:\/\/blogs2.correiobraziliense.com.br\/vicente\/wp-json\/wp\/v2\/posts"}],"about":[{"href":"https:\/\/blogs2.correiobraziliense.com.br\/vicente\/wp-json\/wp\/v2\/types\/post"}],"author":[{"embeddable":true,"href":"https:\/\/blogs2.correiobraziliense.com.br\/vicente\/wp-json\/wp\/v2\/users\/22"}],"replies":[{"embeddable":true,"href":"https:\/\/blogs2.correiobraziliense.com.br\/vicente\/wp-json\/wp\/v2\/comments?post=167"}],"version-history":[{"count":0,"href":"https:\/\/blogs2.correiobraziliense.com.br\/vicente\/wp-json\/wp\/v2\/posts\/167\/revisions"}],"wp:attachment":[{"href":"https:\/\/blogs2.correiobraziliense.com.br\/vicente\/wp-json\/wp\/v2\/media?parent=167"}],"wp:term":[{"taxonomy":"category","embeddable":true,"href":"https:\/\/blogs2.correiobraziliense.com.br\/vicente\/wp-json\/wp\/v2\/categories?post=167"},{"taxonomy":"post_tag","embeddable":true,"href":"https:\/\/blogs2.correiobraziliense.com.br\/vicente\/wp-json\/wp\/v2\/tags?post=167"}],"curies":[{"name":"wp","href":"https:\/\/api.w.org\/{rel}","templated":true}]}}