{"id":16710,"date":"2020-12-03T13:55:23","date_gmt":"2020-12-03T16:55:23","guid":{"rendered":"https:\/\/blogs2.correiobraziliense.com.br\/vicente\/?p=16710"},"modified":"2020-12-03T21:26:24","modified_gmt":"2020-12-04T00:26:24","slug":"vacinacao-devera-determinar-velocidade-da-retomada-da-economia","status":"publish","type":"post","link":"https:\/\/blogs2.correiobraziliense.com.br\/vicente\/vacinacao-devera-determinar-velocidade-da-retomada-da-economia\/","title":{"rendered":"Vacina\u00e7\u00e3o dever\u00e1 determinar velocidade da retomada da economia"},"content":{"rendered":"<p><span style=\"font-weight: 400\">ROSANA HESSEL<\/span><\/p>\n<p>&nbsp;<\/p>\n<p><span style=\"font-weight: 400\">A corrida pela vacina contra a covid-19 dever\u00e1 determinar a velocidade de retomada do Produto Interno Bruto (PIB) brasileiro em 2021.\u00a0<\/span><span style=\"font-weight: 400\">A alta de 7,7% o PIB do terceiro trimestre foi puxada pelo setor de servi\u00e7os e por investimentos, mas a continuidade e a velocidade do processo de recupera\u00e7\u00e3o no ano que vem dependem de como o pa\u00eds vai conseguir vacinar toda a popula\u00e7\u00e3o, de acordo com especialistas ouvidos pelo <strong>Blog<\/strong>.<\/span><\/p>\n<p>&nbsp;<\/p>\n<p><span style=\"font-weight: 400\">O resultado do PIB do terceiro trimestre <a href=\"https:\/\/blogs2.correiobraziliense.com.br\/vicente\/pib-do-3o-tri-avanca-77-e-nao-recupera-tombo-historico-do-2o-tri\/\">divulgado nesta nesta quinta-feira (03\/12), pelo Instituto Brasileiro de Geografia e Estat\u00edstica (IBGE),<\/a> ficou abaixo da mediana das expectativas do mercado, de 8,8%. E analistas refor\u00e7am que a normaliza\u00e7\u00e3o do setor de servi\u00e7os, que tem um peso importante no PIB, depender\u00e1 do avan\u00e7o dos testes de vacina e de como isso vai ocorrer.\u00a0 O Brasil pode n\u00e3o ficar entre os primeiros colocados se a vacina\u00e7\u00e3o da popula\u00e7\u00e3o n\u00e3o for em larga escala.<\/span><\/p>\n<p>&nbsp;<\/p>\n<p>&#8220;A capacidade do governo conseguir fazer uma vacina\u00e7\u00e3o ampla ser\u00e1 fundamental para determinar a velocidade do processo de retomada da economia&#8221;, alertou a economista Silvia Matos, coordenadora do Boletim Macro do Instituto Brasileiro de Economia da Funda\u00e7\u00e3o Getulio Vargas (FGV Ibre). &#8220;Em uma pandemia, n\u00e3o tem como ter certeza de recupera\u00e7\u00e3o sem a vacina\u00e7\u00e3o. Ela vai ditar o ritmo, dependendo de como isso vai acontecer&#8221;, refor\u00e7ou.<\/p>\n<p>&nbsp;<\/p>\n<p>De acordo com a analista, o ponto positivo dessa crise provocada pela pandemia \u00e9 que o mundo conseguiu descobrir a vacina contra a covid-19 em tempo recorde. Contudo, o Brasil dever\u00e1 iniciar o processo bem depois do que os pa\u00edses desenvolvidos.\u00a0 &#8220;\u00c9 muito bom que o mundo descobriu a vacina e que a Europa j\u00e1 tenha come\u00e7ado a vacinar a popula\u00e7\u00e3o, mas, no Brasil, ainda \u00e9 preciso muito planejamento das autoridades para fazer uma campanha de vacina\u00e7\u00e3o organizada e com pessoas capacitadas. Vai ser muito desafiador&#8221;, alertou<b>.<\/b><\/p>\n<p>&nbsp;<\/p>\n<p>Pelas proje\u00e7\u00f5es do Ibre, o PIB do terceiro trimestre deveria crescer 7,4%, e, ap\u00f3s os dados e a revis\u00e3o do IBGE, o instituto mudou a estimativa de queda para este ano de 5% para 4,8% e passou de 3,5% para 3,6% a previs\u00e3o de crescimento no ano que vem. &#8220;Houve uma melhora no efeito de carregamento estat\u00edstico do segundo semestre que deve impulsionar a economia em 2021 em 2%, mesmo se o PIB n\u00e3o apresentar crescimento&#8221;, explicou Silvia Matos.<\/p>\n<p>&nbsp;<\/p>\n<p>\u201cO ritmo de crescimento da economia em 2021 \u00e9 incerto e vai depender muito da vacina\u00e7\u00e3o e se ela vai come\u00e7ar efetivamente no primeiro trimestre do ano que vem. Sem ela, dificilmente haver\u00e1 uma recupera\u00e7\u00e3o no setor de servi\u00e7os, que tem um peso importante na economia e no mercado de trabalho\u201d, destacou o economista Jo\u00e3o Leal, da Rio Bravo Investimentos. Ele prev\u00ea avan\u00e7o de 1,9% no PIB do quarto trimestre e manteve as proje\u00e7\u00f5es de alta de 3,2% no ano que vem.<\/p>\n<p>&nbsp;<\/p>\n<p><span style=\"font-weight: 400\">O economista do Ita\u00fa Unibanco, Luka Barbosa, tamb\u00e9m reconhece que o ritmo da recupera\u00e7\u00e3o da economia deve depender do avan\u00e7o da vacina\u00e7\u00e3o devido ao &#8220;repique&#8221; dos cont\u00e1gios neste fim de ano.\u00a0\u201cO setor de servi\u00e7os s\u00f3 deve normalizar quando houver uma vacina\u00e7\u00e3o em larga escala\u201d, afirmou ele,\u00a0<\/span><span style=\"font-weight: 400\">durante entrevista virtual a jornalistas sobre os dados do PIB.<\/span><\/p>\n<p>&nbsp;<\/p>\n<p><span style=\"font-weight: 400\">O Ita\u00fa esperava alta de 9% no PIB do terceiro trimestre, mas, de acordo com Barbosa, os dados do PIB, diante das revis\u00f5es realizadas pelo IBGE, o banco manteve as proje\u00e7\u00f5es de queda de 4,1%, neste ano, e de crescimento de 4%, em 2021, com uma taxa de carregamento estat\u00edstico de 2020 de 3,5% para o ano que vem. \u201cA gente entende que tem duas vacinas que s\u00e3o importantes e aparentemente mostram avan\u00e7os consider\u00e1veis. Mas a quest\u00e3o das vacinas que s\u00e3o importantes no pa\u00eds continua dependendo dos resultados de testes que devem sair nas pr\u00f3ximas semanas. Nosso cen\u00e1rio considera uma vacina\u00e7\u00e3o que deixa as pessoas mais ou menos seguras\u201d, afirmou, demonstrando otimismo com a recupera\u00e7\u00e3o.<\/span><\/p>\n<p>&nbsp;<\/p>\n<p><span style=\"font-weight: 400\">Tatiana Pinheiro, economista-chefe da\u00a0 PNP Paribas Asset, n\u00e3o v\u00ea um processo de retomada robusto da economia em 2021 e tamb\u00e9m reconhece que a vacina\u00e7\u00e3o ser\u00e1 importante term\u00f4metro para esse processo. Ela lembrou que h\u00e1 v\u00e1rias travas para a retomada que ainda n\u00e3o est\u00e3o totalmente resolvidas, como os problemas fiscais. Pelas estimativas dela, a forma\u00e7\u00e3o de riqueza do pa\u00eds s\u00f3 dever\u00e1 voltar ao patamar pr\u00e9-crise no fim do ano que vem ou no come\u00e7o de 2022. <\/span><\/p>\n<p>&nbsp;<\/p>\n<p><span style=\"font-weight: 400\">\u201cO setor de servi\u00e7os foi impactado diretamente pela pandemia e, enquanto n\u00e3o tem uma vacina\u00e7\u00e3o ampla e um rem\u00e9dio espec\u00edfico, h\u00e1 muita incerteza no processo de retomada, porque isso vai afetar tamb\u00e9m o mercado de trabalho, que \u00e9 uma trava para o crescimento. Nossa realidade e no mundo \u00e9 que, enquanto n\u00e3o houver vacina\u00e7\u00e3o, o mercado informal vai continuar sofrendo e h\u00e1 uma massa grande do mercado de trabalho que vai procurar emprego com o fim do aux\u00edlio emergencial\u201d, alertou a economista do BNP. \u201cSe n\u00e3o houver uma solu\u00e7\u00e3o para a covid, n\u00e3o vai ter emprego para esse setor\u201d, afirma ela, que prev\u00ea a taxa de desemprego chegando a 16% no ano que vem.<\/span><\/p>\n<p>&nbsp;<\/p>\n<p><span style=\"font-weight: 400\">Pelas proje\u00e7\u00f5es de Tatiana Pinheiro, o PIB de 2021 dever\u00e1 crescer 3%, no m\u00e1ximo. \u201cAntes da divulga\u00e7\u00e3o do PIB, a expectativa era de uma taxa de crescimento maior na ponta. Mas, com a revis\u00e3o do hist\u00f3rico, a taxa de carregamento estat\u00edstico ficou menor, abaixo de 2%, considerando que o PIB do quarto trimestre dever\u00e1 avan\u00e7ar 1%. Esse \u00e9 o ponto\u201d, explicou. Ela manteve as previs\u00f5es de crescimento do PIB de 2021 em 3%, mas revisou de 5% para 4,8% a estimativa de retra\u00e7\u00e3o em 2020.\u00a0\u00a0<\/span><\/p>\n<p>&nbsp;<\/p>\n<p>As novas estimativas do IBGE apontam crescimento de 1,4% em 2019 em vez da alta de 1,1%. O instituto atualizou as quedas do PIB do primeiro e do segundo trimestres, para 1,5% e 9,6%.<\/p>\n<p>&nbsp;<\/p>\n<p>&nbsp;<\/p>\n","protected":false},"excerpt":{"rendered":"<p>ROSANA HESSEL &nbsp; A corrida pela vacina contra a covid-19 dever\u00e1 determinar a velocidade de retomada do Produto Interno Bruto (PIB) brasileiro em 2021.\u00a0A alta de 7,7% o PIB do terceiro trimestre foi puxada pelo setor de servi\u00e7os e por investimentos, mas a continuidade e a velocidade do processo de recupera\u00e7\u00e3o no ano que vem [&hellip;]<\/p>\n","protected":false},"author":22,"featured_media":14076,"comment_status":"open","ping_status":"closed","sticky":false,"template":"","format":"standard","meta":{"wpb_read_more":[],"footnotes":""},"categories":[600],"tags":[4416,4715,589,1212,58,112,5073],"class_list":["post-16710","post","type-post","status-publish","format-standard","has-post-thumbnail","hentry","category-economia","tag-bnp-paribas","tag-covid","tag-economia","tag-itau-unibanco","tag-pib","tag-retomada","tag-vacinas"],"_links":{"self":[{"href":"https:\/\/blogs2.correiobraziliense.com.br\/vicente\/wp-json\/wp\/v2\/posts\/16710","targetHints":{"allow":["GET"]}}],"collection":[{"href":"https:\/\/blogs2.correiobraziliense.com.br\/vicente\/wp-json\/wp\/v2\/posts"}],"about":[{"href":"https:\/\/blogs2.correiobraziliense.com.br\/vicente\/wp-json\/wp\/v2\/types\/post"}],"author":[{"embeddable":true,"href":"https:\/\/blogs2.correiobraziliense.com.br\/vicente\/wp-json\/wp\/v2\/users\/22"}],"replies":[{"embeddable":true,"href":"https:\/\/blogs2.correiobraziliense.com.br\/vicente\/wp-json\/wp\/v2\/comments?post=16710"}],"version-history":[{"count":7,"href":"https:\/\/blogs2.correiobraziliense.com.br\/vicente\/wp-json\/wp\/v2\/posts\/16710\/revisions"}],"predecessor-version":[{"id":16729,"href":"https:\/\/blogs2.correiobraziliense.com.br\/vicente\/wp-json\/wp\/v2\/posts\/16710\/revisions\/16729"}],"wp:featuredmedia":[{"embeddable":true,"href":"https:\/\/blogs2.correiobraziliense.com.br\/vicente\/wp-json\/wp\/v2\/media\/14076"}],"wp:attachment":[{"href":"https:\/\/blogs2.correiobraziliense.com.br\/vicente\/wp-json\/wp\/v2\/media?parent=16710"}],"wp:term":[{"taxonomy":"category","embeddable":true,"href":"https:\/\/blogs2.correiobraziliense.com.br\/vicente\/wp-json\/wp\/v2\/categories?post=16710"},{"taxonomy":"post_tag","embeddable":true,"href":"https:\/\/blogs2.correiobraziliense.com.br\/vicente\/wp-json\/wp\/v2\/tags?post=16710"}],"curies":[{"name":"wp","href":"https:\/\/api.w.org\/{rel}","templated":true}]}}