{"id":168,"date":"2015-08-20T10:10:00","date_gmt":"2015-08-20T13:10:00","guid":{"rendered":"https:\/\/blogs2.correiobraziliense.com.br\/vicente\/segundo_mandato_de_dilma_tera_queda_media_de_03_do_pib\/"},"modified":"2015-08-20T10:10:00","modified_gmt":"2015-08-20T13:10:00","slug":"segundo_mandato_de_dilma_tera_queda_media_de_03_do_pib","status":"publish","type":"post","link":"https:\/\/blogs2.correiobraziliense.com.br\/vicente\/segundo_mandato_de_dilma_tera_queda_media_de_03_do_pib\/","title":{"rendered":"SEGUNDO MANDATO DE DILMA TER\u00c1 QUEDA M\u00c9DIA DE 0,3% DO PIB"},"content":{"rendered":"\n<p><b>\u00bb ANTONIO TEM\u00d3TEO<\/b>  <\/p>\n<p>A presidente Dilma Rousseff deixar\u00e1 o Pal\u00e1cio do Planalto entregando ao pa\u00eds um Produto Interno Bruto (PIB) menor do que o existente quando ela foi reeleita. Proje\u00e7\u00f5es do Ita\u00fa Unibanco indicam que a taxa m\u00e9dia de varia\u00e7\u00e3o da economia no segundo mandato de Dilma ser\u00e1 negativa: -0,3%. Para chegar a esse n\u00famero, o banco estimou uma retra\u00e7\u00e3o de 2,3% em 2015, uma recess\u00e3o de 1% em 2016, um t\u00edmido crescimento de 0,4% em 2017 e uma expans\u00e3o da economia de 1,7% em 2018. Se confirmado, ser\u00e1 o pior resultado desde o governo Collor, quando o PIB teve queda m\u00e9dia anual de 1,65%. Especialistas avaliam que essas estimativas podem piorar com o agravamento das crises pol\u00edtica e econ\u00f4mica, al\u00e9m dos riscos externos relacionados ao d\u00f3lar e \u00e0 desacelera\u00e7\u00e3o da China.  <\/p>\n<p>Os n\u00fameros mais recentes confirmam o cen\u00e1rio desolador. O \u00cdndice de Atividade Econ\u00f4mica do Banco Central (IBC-Br), divulgado ontem, uma esp\u00e9cie de pr\u00e9via do PIB, apontou um recuo de 1,89% no segundo trimestre. Esse \u00e9 o terceiro per\u00edodo trimestral consecutivo de queda do indicador, o que configura recess\u00e3o. O economista-chefe do Ita\u00fa Unibanco, Ilan Goldfajn, explicou que o enfraquecimento da economia \u00e9 resultado de uma combina\u00e7\u00e3o perversa da piora das contas p\u00fablicas, que provocou o aumento do risco pa\u00eds, e redu\u00e7\u00e3o do financiamento externo.  <\/p>\n<p>A redu\u00e7\u00e3o do ingresso de recursos estrangeiros, explicou, implica queda de investimentos e desvaloriza\u00e7\u00e3o do real frente ao d\u00f3lar, o que pressiona a infla\u00e7\u00e3o, reduz a renda dos trabalhadores e leva o BC a aumentar os juros para conter a carestia. Goldfajn alertou que as dificuldades pol\u00edticas e econ\u00f4micas enfrentadas pelo governo para executar o ajuste fiscal reduzem a possibilidade de crescimento a curto prazo. \u201cEst\u00e1 claro que as condi\u00e7\u00f5es atuais n\u00e3o s\u00e3o as ideais. Pol\u00edtica econ\u00f4mica \u00e9 a arte do poss\u00edvel. A quest\u00e3o central \u00e9 se o governo ser\u00e1 capaz de implementar o ajuste\u201d, comentou.  <\/p>\n<p>Segundo o economista, al\u00e9m dos problemas dom\u00e9sticos, o pa\u00eds est\u00e1 exposto a riscos internacionais que podem agravar ainda mais a crise. Entre eles, Goldfajn listou a possibilidade de desacelera\u00e7\u00e3o mais forte do que a esperada da economia chinesa, de alta de juros dos Estados Unidos mais intensa do que a prevista e do rebaixamento da nota de cr\u00e9dito do Brasil em fun\u00e7\u00e3o da alta da d\u00edvida do setor p\u00fablico. \u201cO pr\u00f3prio discurso do BC sinaliza que uma alta mais forte do d\u00f3lar pode levar a um aumento dos juros. Isso teria reflexo negativo sobre a atividade econ\u00f4mica\u201d, observou.  <\/p>\n<p><b>D\u00e9cada perdida<\/b>  <\/p>\n<p>Na opini\u00e3o do economista-chefe da Opus Investimentos, Jos\u00e9 M\u00e1rcio Camargo, Dilma entregar\u00e1 o pa\u00eds para o pr\u00f3ximo presidente em uma situa\u00e7\u00e3o econ\u00f4mica pior do que quando recebeu o cargo do ex-presidente Luiz In\u00e1cio Lula da Silva. Nas contas dele, entre 2015 e 2018, o PIB ter\u00e1 vai encolher a uma taxa m\u00e9dia de 0,2% a cada ano. Com isso, o pa\u00eds vai lamentar mais uma d\u00e9cada perdida, assim como anos anos 1980.  <\/p>\n<p>Para Camargo, os desequil\u00edbrios que resultaram na disparada da infla\u00e7\u00e3o e na deteriora\u00e7\u00e3o fiscal come\u00e7aram no segundo mandato de Lula, quando o Executivo passou a interferir no mercado e deixou de fazer superavits prim\u00e1rios adequado para evitar o crescimento da d\u00edvida p\u00fablica. Dilma continuou com a mesma pol\u00edtica e ainda tentou diminuir os juros na marra, o que fez a infla\u00e7\u00e3o subir. Al\u00e9m disso, o governo tentou limitar taxas de retorno de concess\u00f5es de infraestrutura e represou pre\u00e7os de energia el\u00e9trica e de combust\u00edveis, desorganizando esses dois setores da economia. \u201cHouve um conjunto de erros micro e macroecon\u00f4micos e as consequ\u00eancias apareceram agora\u201d, disse.  <\/p>\n<p>Camargo explicou que o pa\u00eds s\u00f3 voltar\u00e1 a crescer com a execu\u00e7\u00e3o do ajuste fiscal, mas esse processo ser\u00e1 longo, doloroso e requer um compromisso forte da equipe econ\u00f4mica. Ele tem d\u00favida, por\u00e9m, se a corre\u00e7\u00e3o de rumos sair\u00e1 do papel. \u201cO fato de Banco do Brasil e Caixa anunciarem linhas especiais de cr\u00e9dito para o setor automotivo e sinalizarem que estender\u00e3o esses financiamentos para outros segmentos s\u00e3o uma clara sinaliza\u00e7\u00e3o de que a pol\u00edtica econ\u00f4mica do primeiro mandato est\u00e1 de volta. O cen\u00e1rio se torna cada vez mais preocupante e a situa\u00e7\u00e3o pode piorar ainda mais\u201d, afirmou.  <\/p>\n<p>Para o economista-chefe da TOV Corretora, Pedro Paulo Silveira, na melhor das hip\u00f3teses, a m\u00e9dia de desempenho do PIB entre 2015 e 2018 ser\u00e1 zero. Ele ponderou que a retomada do crescimento passa pela disposi\u00e7\u00e3o do setor privado em investir, o que n\u00e3o existe neste momento. De acordo com ele, os sucessivos erros dos \u00faltimos anos minaram a confian\u00e7a do setor privado. \u201cA percep\u00e7\u00e3o de risco em rela\u00e7\u00e3o ao Brasil cresceu bastante nos \u00faltimos dois anos, e o processo eleitoral agravou esse cen\u00e1rio. Muitas decis\u00f5es equivocadas foram tomadas no passado e isso se reflete em menor gera\u00e7\u00e3o de riquezas\u201d, comentou.  <\/p>\n<p><i>  <\/p>\n<p>Bras\u00edlia. 10h10min<\/i>   <\/p>\n","protected":false},"excerpt":{"rendered":"<p>\u00bb ANTONIO TEM\u00d3TEO A presidente Dilma Rousseff deixar\u00e1 o Pal\u00e1cio do Planalto entregando ao pa\u00eds um Produto Interno Bruto (PIB) menor do que o existente quando ela foi reeleita. Proje\u00e7\u00f5es do Ita\u00fa Unibanco indicam que a taxa m\u00e9dia de varia\u00e7\u00e3o da economia no segundo mandato de Dilma ser\u00e1 negativa: -0,3%. Para chegar a esse n\u00famero, [&hellip;]<\/p>\n","protected":false},"author":22,"featured_media":0,"comment_status":"open","ping_status":"open","sticky":false,"template":"","format":"standard","meta":{"wpb_read_more":[],"footnotes":""},"categories":[1],"tags":[],"class_list":["post-168","post","type-post","status-publish","format-standard","hentry","category-sem-categoria"],"_links":{"self":[{"href":"https:\/\/blogs2.correiobraziliense.com.br\/vicente\/wp-json\/wp\/v2\/posts\/168","targetHints":{"allow":["GET"]}}],"collection":[{"href":"https:\/\/blogs2.correiobraziliense.com.br\/vicente\/wp-json\/wp\/v2\/posts"}],"about":[{"href":"https:\/\/blogs2.correiobraziliense.com.br\/vicente\/wp-json\/wp\/v2\/types\/post"}],"author":[{"embeddable":true,"href":"https:\/\/blogs2.correiobraziliense.com.br\/vicente\/wp-json\/wp\/v2\/users\/22"}],"replies":[{"embeddable":true,"href":"https:\/\/blogs2.correiobraziliense.com.br\/vicente\/wp-json\/wp\/v2\/comments?post=168"}],"version-history":[{"count":0,"href":"https:\/\/blogs2.correiobraziliense.com.br\/vicente\/wp-json\/wp\/v2\/posts\/168\/revisions"}],"wp:attachment":[{"href":"https:\/\/blogs2.correiobraziliense.com.br\/vicente\/wp-json\/wp\/v2\/media?parent=168"}],"wp:term":[{"taxonomy":"category","embeddable":true,"href":"https:\/\/blogs2.correiobraziliense.com.br\/vicente\/wp-json\/wp\/v2\/categories?post=168"},{"taxonomy":"post_tag","embeddable":true,"href":"https:\/\/blogs2.correiobraziliense.com.br\/vicente\/wp-json\/wp\/v2\/tags?post=168"}],"curies":[{"name":"wp","href":"https:\/\/api.w.org\/{rel}","templated":true}]}}