{"id":1687,"date":"2016-06-27T12:01:05","date_gmt":"2016-06-27T15:01:05","guid":{"rendered":"https:\/\/blogs2.correiobraziliense.com.br\/vicente\/?p=1687"},"modified":"2016-06-27T13:04:36","modified_gmt":"2016-06-27T16:04:36","slug":"meirelles-manda-blindar-o-carro-oficial-da-fazenda","status":"publish","type":"post","link":"https:\/\/blogs2.correiobraziliense.com.br\/vicente\/meirelles-manda-blindar-o-carro-oficial-da-fazenda\/","title":{"rendered":"Meirelles manda blindar o carro oficial da Fazenda. E s\u00f3 anda escoltado"},"content":{"rendered":"<p>Que Henrique Meirelles tem paranoia com a seguran\u00e7a n\u00e3o \u00e9 segredo para ningu\u00e9m. Pois fazendo jus ao seu hist\u00f3rico, ele mandou blindar o carro oficial que usa como ministro da Fazenda. Em vez do Fusion que servia a seus antecessores, ele est\u00e1 circulando em um Toyota a prova de balas. N\u00e3o \u00e9 s\u00f3: o carro do ministro est\u00e1 sempre escoltado por outro, com dois seguran\u00e7as. Esse ve\u00edculo funciona como um batedor.<\/p>\n<p>&nbsp;<\/p>\n<p>Quando foi presidente do Banco Central, Meirelles ampliou muito os gastos com seguran\u00e7a. A paranoia era t\u00e3o grande que ele levou seus seguran\u00e7as pessoais para o BC, o que provocou uma briga com os profissionais da institui\u00e7\u00e3o destacados para proteg\u00ea-lo. \u00c0 \u00e9poca, Meirelles alegou que a seguran\u00e7a pessoal era uma exig\u00eancia do BankBoston, que havia presidido e do qual recebe uma aposentadoria milion\u00e1ria.<\/p>\n<p>&nbsp;<\/p>\n<p>Hist\u00f3rias n\u00e3o faltam no BC para ilustrar a preocupa\u00e7\u00e3o de Meirelles com seguran\u00e7a. Para se ter uma ideia, ele s\u00f3 bebe \u00e1gua mineral de garrafas compradas por assessores diretos. Se ele estiver em um evento e lhe servirem \u00e1gua no copo, n\u00e3o beber\u00e1. Como presidente do BC, ele suspeitou de uma garrafa de \u00e1gua e mandou examin\u00e1-la. O laborat\u00f3rio contratado cobrou R$ 14 mil pelo servi\u00e7o, pagos, \u00e9 claro, pelos cofres p\u00fablicos.<\/p>\n<p>&nbsp;<\/p>\n<p>Meirelles s\u00f3 come o que \u00e9 preparado em sua casa. O almo\u00e7o dele vem todos os dias em uma esp\u00e9cie de cofre, que s\u00f3 \u00e9 aberto em sua presen\u00e7a. Ele diz que a prefer\u00eancia pela comida caseira tem a ver com sua alimenta\u00e7\u00e3o balanceada. Mas quem trabalha com ele diz que o h\u00e1bito faz parte do sistema de seguran\u00e7a que \u00e9 conduzido com todo o rigor.<\/p>\n<p>&nbsp;<\/p>\n<p>T\u00e9cnicos do BC que trabalharam direto na seguran\u00e7a de Meirelles contam que, na viagens que fazia de carro entre Bras\u00edlia e Goi\u00e2nia, nos fins de semana, muitas vezes, ele vestia um capacete de a\u00e7o, caracter\u00edstico de guerra, temendo qualquer problema no trajeto.<\/p>\n<p>&nbsp;<\/p>\n<p><em>Bras\u00edlia, 12h01min<\/em><\/p>\n","protected":false},"excerpt":{"rendered":"<p>Que Henrique Meirelles tem paranoia com a seguran\u00e7a n\u00e3o \u00e9 segredo para ningu\u00e9m. Pois fazendo jus ao seu hist\u00f3rico, ele mandou blindar o carro oficial que usa como ministro da Fazenda. Em vez do Fusion que servia a seus antecessores, ele est\u00e1 circulando em um Toyota a prova de balas. N\u00e3o \u00e9 s\u00f3: o carro [&hellip;]<\/p>\n","protected":false},"author":22,"featured_media":0,"comment_status":"open","ping_status":"closed","sticky":false,"template":"","format":"standard","meta":{"wpb_read_more":[],"footnotes":""},"categories":[1],"tags":[464,21,19,463,462],"class_list":["post-1687","post","type-post","status-publish","format-standard","hentry","category-sem-categoria","tag-comida-no-cofre","tag-henrique-meirelles","tag-ministerio-da-fazenda","tag-paranoia","tag-seguranca"],"_links":{"self":[{"href":"https:\/\/blogs2.correiobraziliense.com.br\/vicente\/wp-json\/wp\/v2\/posts\/1687","targetHints":{"allow":["GET"]}}],"collection":[{"href":"https:\/\/blogs2.correiobraziliense.com.br\/vicente\/wp-json\/wp\/v2\/posts"}],"about":[{"href":"https:\/\/blogs2.correiobraziliense.com.br\/vicente\/wp-json\/wp\/v2\/types\/post"}],"author":[{"embeddable":true,"href":"https:\/\/blogs2.correiobraziliense.com.br\/vicente\/wp-json\/wp\/v2\/users\/22"}],"replies":[{"embeddable":true,"href":"https:\/\/blogs2.correiobraziliense.com.br\/vicente\/wp-json\/wp\/v2\/comments?post=1687"}],"version-history":[{"count":3,"href":"https:\/\/blogs2.correiobraziliense.com.br\/vicente\/wp-json\/wp\/v2\/posts\/1687\/revisions"}],"predecessor-version":[{"id":1690,"href":"https:\/\/blogs2.correiobraziliense.com.br\/vicente\/wp-json\/wp\/v2\/posts\/1687\/revisions\/1690"}],"wp:attachment":[{"href":"https:\/\/blogs2.correiobraziliense.com.br\/vicente\/wp-json\/wp\/v2\/media?parent=1687"}],"wp:term":[{"taxonomy":"category","embeddable":true,"href":"https:\/\/blogs2.correiobraziliense.com.br\/vicente\/wp-json\/wp\/v2\/categories?post=1687"},{"taxonomy":"post_tag","embeddable":true,"href":"https:\/\/blogs2.correiobraziliense.com.br\/vicente\/wp-json\/wp\/v2\/tags?post=1687"}],"curies":[{"name":"wp","href":"https:\/\/api.w.org\/{rel}","templated":true}]}}