{"id":16871,"date":"2020-12-16T11:57:16","date_gmt":"2020-12-16T14:57:16","guid":{"rendered":"https:\/\/blogs2.correiobraziliense.com.br\/vicente\/?p=16871"},"modified":"2020-12-16T11:57:16","modified_gmt":"2020-12-16T14:57:16","slug":"aeb-preve-aumento-de-33-no-superavit-comercial-de-2021","status":"publish","type":"post","link":"https:\/\/blogs2.correiobraziliense.com.br\/vicente\/aeb-preve-aumento-de-33-no-superavit-comercial-de-2021\/","title":{"rendered":"AEB prev\u00ea aumento de 33% no superavit comercial de 2021"},"content":{"rendered":"<p>ROSANA HESSEL<\/p>\n<p>&nbsp;<\/p>\n<p>A Associa\u00e7\u00e3o de Com\u00e9rcio Exterior do Brasil (AEB), prev\u00ea aumento de 33% no superavit da balan\u00e7a comercial de 2021,\u00a0 passando de US$ 51,9 bilh\u00f5es, neste ano, para US$ 69 bilh\u00f5es. Se confirmado, ser\u00e1 o maior desde 2017, quando o superavit ficou em US$ 67 bilh\u00f5es. Em 2019, o saldo da balan\u00e7a comercial foi positivo em US$ 46,7 bilh\u00f5es.<\/p>\n<p>&nbsp;<\/p>\n<p>A entidade estima alta de\u00a013,7% nas exporta\u00e7\u00f5es de brasileiras em 2021, passando dos US$ 208,8 bilh\u00f5es previstos para este ano, para US$ 237,3 bilh\u00f5es.\u00a0\u00a0Enquanto isso, a entidade espera avan\u00e7o de 7,3% nas importa\u00e7\u00f5es sobre os US$ 156,9 bilh\u00f5es previstos para 2020, totalizando US$ 168,3 bilh\u00f5es.<\/p>\n<p>&nbsp;<\/p>\n<p>As previs\u00f5es, divulgadas nesta quarta-feira (16\/12), pelo presidente da AEB, Jos\u00e9 Augusto de Castro, consideram alta de 15,5% nos embarques de produtos agropecu\u00e1rios e de 29% nos da ind\u00fastria extrativa mineral.<\/p>\n<p>&nbsp;<\/p>\n<p>Castro\u00a0atualizou as estimativas para 2020. Em julho, a expectativa para as exporta\u00e7\u00f5es era de US$ 192,7 bilh\u00f5es a, para as importa\u00e7\u00f5es, de US$ 145,2 bilh\u00f5es. Isso resultava em um superavit da balan\u00e7a de US$ 47,5 bilh\u00f5es, dado 1,7% superior ao registrado em 2019. No fim de 2021, o saldo comercial esperado pela AEB era bem menor, de US$ 26,1 bilh\u00f5es e a mudan\u00e7a foi resultado, principalmente, da forte queda nas importa\u00e7\u00f5es em meio \u00e0 recess\u00e3o global provocada pela pandemia de covid-19.<\/p>\n<p>&nbsp;<\/p>\n<p>De acordo com ele, as proje\u00e7\u00f5es consideram consolida\u00e7\u00e3o do crescimento economico do Brasil em 2021 e estabiliza\u00e7\u00e3o das economias mundiais. &#8220;<span style=\"font-weight: 400\">A velocidade de aplica\u00e7\u00e3o da vacina contra a Covid-19 ser\u00e1 outro fator importante a contribuir para concretiza\u00e7\u00e3o do quadro que se vislumbra&#8221;, afirmou Castro. <\/span><\/p>\n<p>&nbsp;<\/p>\n<p><span style=\"font-weight: 400\">O executivo lembrou que alguns fatores ainda ficar\u00e3o pendentes de defini\u00e7\u00e3o para a confirma\u00e7\u00e3o do cen\u00e1rio para a balan\u00e7a comercial brasileira, como <\/span><span style=\"font-weight: 400\">o tamanho do impacto para o Brasil do atraso na vacina\u00e7\u00e3o Covid-19, a posse do novo presidente dos Estados Unidos e como ficar\u00e1 a guerra comercial entre EUA e China. &#8220;A<\/span>s commodities est\u00e3o mostrando atraentes cota\u00e7\u00f5es para exportadores brasileiros, por\u00e9m, sem indica\u00e7\u00e3o de manuten\u00e7\u00e3o deste patamar. O<span style=\"font-weight: 400\">\u00a0Brasil continua altamente dependente das exporta\u00e7\u00f5es de commodities, com os produtos manufaturados sofrendo o impacto negativo da falta de competitividades decorrente do elevado Custo Brasil&#8221;, acrescentou.<\/span><\/p>\n<p>&nbsp;<\/p>\n","protected":false},"excerpt":{"rendered":"<p>ROSANA HESSEL &nbsp; A Associa\u00e7\u00e3o de Com\u00e9rcio Exterior do Brasil (AEB), prev\u00ea aumento de 33% no superavit da balan\u00e7a comercial de 2021,\u00a0 passando de US$ 51,9 bilh\u00f5es, neste ano, para US$ 69 bilh\u00f5es. Se confirmado, ser\u00e1 o maior desde 2017, quando o superavit ficou em US$ 67 bilh\u00f5es. Em 2019, o saldo da balan\u00e7a comercial [&hellip;]<\/p>\n","protected":false},"author":22,"featured_media":16872,"comment_status":"open","ping_status":"closed","sticky":false,"template":"","format":"standard","meta":{"wpb_read_more":[],"footnotes":""},"categories":[600],"tags":[495,497],"class_list":["post-16871","post","type-post","status-publish","format-standard","has-post-thumbnail","hentry","category-economia","tag-aeb","tag-balanca-comercial"],"_links":{"self":[{"href":"https:\/\/blogs2.correiobraziliense.com.br\/vicente\/wp-json\/wp\/v2\/posts\/16871","targetHints":{"allow":["GET"]}}],"collection":[{"href":"https:\/\/blogs2.correiobraziliense.com.br\/vicente\/wp-json\/wp\/v2\/posts"}],"about":[{"href":"https:\/\/blogs2.correiobraziliense.com.br\/vicente\/wp-json\/wp\/v2\/types\/post"}],"author":[{"embeddable":true,"href":"https:\/\/blogs2.correiobraziliense.com.br\/vicente\/wp-json\/wp\/v2\/users\/22"}],"replies":[{"embeddable":true,"href":"https:\/\/blogs2.correiobraziliense.com.br\/vicente\/wp-json\/wp\/v2\/comments?post=16871"}],"version-history":[{"count":4,"href":"https:\/\/blogs2.correiobraziliense.com.br\/vicente\/wp-json\/wp\/v2\/posts\/16871\/revisions"}],"predecessor-version":[{"id":16876,"href":"https:\/\/blogs2.correiobraziliense.com.br\/vicente\/wp-json\/wp\/v2\/posts\/16871\/revisions\/16876"}],"wp:featuredmedia":[{"embeddable":true,"href":"https:\/\/blogs2.correiobraziliense.com.br\/vicente\/wp-json\/wp\/v2\/media\/16872"}],"wp:attachment":[{"href":"https:\/\/blogs2.correiobraziliense.com.br\/vicente\/wp-json\/wp\/v2\/media?parent=16871"}],"wp:term":[{"taxonomy":"category","embeddable":true,"href":"https:\/\/blogs2.correiobraziliense.com.br\/vicente\/wp-json\/wp\/v2\/categories?post=16871"},{"taxonomy":"post_tag","embeddable":true,"href":"https:\/\/blogs2.correiobraziliense.com.br\/vicente\/wp-json\/wp\/v2\/tags?post=16871"}],"curies":[{"name":"wp","href":"https:\/\/api.w.org\/{rel}","templated":true}]}}