{"id":169,"date":"2015-08-21T00:01:00","date_gmt":"2015-08-21T03:01:00","guid":{"rendered":"https:\/\/blogs2.correiobraziliense.com.br\/vicente\/a_bomba_cunha\/"},"modified":"2015-08-21T00:01:00","modified_gmt":"2015-08-21T03:01:00","slug":"a_bomba_cunha","status":"publish","type":"post","link":"https:\/\/blogs2.correiobraziliense.com.br\/vicente\/a_bomba_cunha\/","title":{"rendered":"A BOMBA CUNHA"},"content":{"rendered":"\n<p>Ainda que a den\u00fancia da Procuradoria-geral da Rep\u00fablica (PGR) contra o presidente da C\u00e2mara dos Deputados, Eduardo Cunha, acusado de receber propina de US$ 5 milh\u00f5es dentro do esquema de corrup\u00e7\u00e3o que saqueou a Petrobras, j\u00e1 estivesse no radar, um clima de nervosismo tomou conta dos agentes econ\u00f4micos. H\u00e1 um temor crescente sobre o que Cunha pode fazer para retaliar o governo e sobre as consequ\u00eancias para o pa\u00eds, mergulhado em uma recess\u00e3o que pode durar dois anos.  <\/p>\n<p>Nas \u00faltimas duas semanas, os investidores tentaram se apegar no entendimento entre a presidente Dilma Rousseff e o presidente do Senado, Renan Calheiros. O an\u00fancio da tal Agenda Brasil, que logo recebeu apoio do empresariado, fez parte do mercado financeiro acreditar que o Pal\u00e1cio do Planalto havia conseguido construir no Congresso um anteparo \u00e0 guerra declarada por Cunha. O d\u00f3lar, que vinha em disparada, refletindo a preocupa\u00e7\u00e3o com o impacto da crise pol\u00edtica na economia, acabou se acomodando nos R$ 3,45. Agora, com o presidente da C\u00e2mara denunciado, as incertezas voltaram com tudo.  <\/p>\n<p>Como ressalta do economista Eduardo Velho, da INVX Partners, est\u00e3o todos \u00e0 espera das pe\u00e7as do xadrez que ser\u00e3o movimentadas por Cunha. \u201cEle vai trancar a pauta da C\u00e2mara e inviabilizar projetos de interesse do governo? Levar\u00e1 adiante a pauta-bomba que destruir\u00e1 de vez o ajuste fiscal? Por\u00e1 em vota\u00e7\u00e3o o impeachment da presidente Dilma? Todas essas perguntas ganham enorme dimens\u00e3o diante da den\u00fancia da PGR feita ao Supremo Tribunal Federal (STF)\u201d, diz.  <\/p>\n<p>Velho ressalta que, dado o enfraquecimento de Cunha, agora vinculado por completo \u00e0 Opera\u00e7\u00e3o Lava-Jato, muitos devem pensar que o governo se fortalecer\u00e1 a ponto de recompor, sem grandes traumas, sua base parlamentar. Mas o jogo n\u00e3o ser\u00e1 t\u00e3o simples assim. Dilma enfrenta todo tipo de rejei\u00e7\u00e3o. Est\u00e1 com o pior n\u00edvel de popularidade entre os ocupantes do Planalto em quase tr\u00eas d\u00e9cadas. A sensa\u00e7\u00e3o \u00e9 de que seu governo acabou. \u201cDiante disso, fica a pergunta: quais pol\u00edticos v\u00e3o querer vincular suas imagens a um governo fraco, com tantos problemas a enfrentar?\u201d, enfatiza.  <\/p>\n<p>N\u00e3o se pode esquecer que, independentemente das consequ\u00eancias da den\u00fancia de Cunha ao Supremo, a situa\u00e7\u00e3o da economia brasileira \u00e9 muito ruim. O Instituto Brasileiro de Geografia e Estat\u00edstica (IBGE) mostrou ontem que o desemprego neste ano j\u00e1 saltou de 4,3% para 7,5%, um aumento sem precedentes para um espa\u00e7o t\u00e3o curto de tempo. O n\u00famero de desempregados nas seis maiores regi\u00f5es metropolitanas do pa\u00eds cresceu 56%, para 1,8 milh\u00e3o.  <\/p>\n<p>O desemprego est\u00e1 mais forte no Nordeste, regi\u00e3o que Dilma ainda acredita ter um eleitorado forte e cativo. As taxas alcan\u00e7am quase 13% em Salvador. Foi justamente na capital baiana onde se viu o maior n\u00famero de pessoas nas ruas protestando contra o governo entre as cidades nordestinas. Al\u00e9m de demiss\u00f5es, os brasileiros est\u00e3o vendo a renda encolher. \u201cInfelizmente, os problemas no mercado de trabalho s\u00f3 est\u00e3o come\u00e7ando\u201d, destaca Velho.  <\/p>\n<p><b>Tudo ou nada<\/b>  <\/p>\n<p>O fantasma de Cunha se junta \u00e0s incertezas criadas pelo pr\u00f3prio governo ante a clara mudan\u00e7a na linha de condu\u00e7\u00e3o da pol\u00edtica econ\u00f4mica. Na avalia\u00e7\u00e3o dos investidores, ao reduzir a meta de superavit prim\u00e1rio e lan\u00e7ar programas de incentivo ao emprego tendo os bancos p\u00fablicos como protagonistas, ficou expl\u00edcito que o ministro da Fazenda, Joaquim Levy, est\u00e1 mais fraco e Dilma, fazendo prevalecer ideias que vigoraram no primeiro mandato e levaram o pa\u00eds ao desastre.  <\/p>\n<p>At\u00e9 mesmo dentro do governo j\u00e1 se fala que h\u00e1 duas equipes econ\u00f4micas trabalhando na Esplanada. Uma, na Fazenda, sendo escanteada aos poucos. Outra, no Planalto, mais poderosa, tendo como mentor o ministro da Casa Civil, Aloizio Mercadante, que faz a cabe\u00e7a de Dilma. Foi ele, por sinal, quem insuflou a presidente a levar adiante a ideia de que estimular setores espec\u00edficos, com cr\u00e9dito do Banco do Brasil e da Caixa Econ\u00f4mica Federal, vai resultar em retomada mais r\u00e1pida do crescimento.  <\/p>\n<p>O fato de o governo repetir os erros do passado \u2014 num momento de grande incerteza pol\u00edtica, com Eduardo Cunha pronto para o tudo ou nada e ainda com poder de decis\u00e3o na C\u00e2mara \u2014 pode tornar o que j\u00e1 est\u00e1 ruim em algo muito pior. \u00c9 pena ver que, mesmo colocando o Brasil de joelhos, trazendo de volta o desemprego, destruindo o poder de compra das fam\u00edlias, Dilma continue propensa a meter os p\u00e9s pelas m\u00e3os.  <\/p>\n<p><b>  <\/p>\n<p>Comemora\u00e7\u00e3o palaciana<\/b>  <\/p>\n<p>\u00bb Apesar da bomba em que se transformou Eduardo Cunha, muita gente do Planalto, inclusive Dilma, comemorou a den\u00fancia encaminhada pela PGR ao Supremo Tribunal Federal. Mas nada fez tanto sucesso quanto o fato de o procurador-geral da Rep\u00fablica, Rodrigo Janot, pedir 184 anos de pris\u00e3o para o presidente da C\u00e2mara.<b>  <\/p>\n<p><\/b><b>Fim de um ciclo<\/b>  <\/p>\n<p>\u00bb Quem passou pelo Banco Central nos \u00faltimos dias saiu com a certeza de que o processo de alta da taxa b\u00e1sica de juros (Selic) chegou mesmo ao fim. A sensa\u00e7\u00e3o dentro da institui\u00e7\u00e3o \u00e9 de que nem uma nova alta do d\u00f3lar ser\u00e1 suficiente para comover os integrantes do Comit\u00ea de Pol\u00edtica Monet\u00e1ria (Copom) a elevarem a Selic al\u00e9m dos atuais 14,25% ao ano.  <\/p>\n<p><b>De mal a pior<\/b>  <\/p>\n<p>\u00bb O Planalto sentiu o baque da disparada do desemprego e j\u00e1 disp\u00f5e de proje\u00e7\u00f5es indicando que a taxa, que cravou 7,5% em julho, pode passar de 10% logo no in\u00edcio de 2016.  <\/p>\n<p><i>  <\/p>\n<p>Bras\u00edlia, 00h01min<\/i>   <\/p>\n","protected":false},"excerpt":{"rendered":"<p>Ainda que a den\u00fancia da Procuradoria-geral da Rep\u00fablica (PGR) contra o presidente da C\u00e2mara dos Deputados, Eduardo Cunha, acusado de receber propina de US$ 5 milh\u00f5es dentro do esquema de corrup\u00e7\u00e3o que saqueou a Petrobras, j\u00e1 estivesse no radar, um clima de nervosismo tomou conta dos agentes econ\u00f4micos. H\u00e1 um temor crescente sobre o que [&hellip;]<\/p>\n","protected":false},"author":22,"featured_media":0,"comment_status":"open","ping_status":"open","sticky":false,"template":"","format":"standard","meta":{"wpb_read_more":[],"footnotes":""},"categories":[1],"tags":[],"class_list":["post-169","post","type-post","status-publish","format-standard","hentry","category-sem-categoria"],"_links":{"self":[{"href":"https:\/\/blogs2.correiobraziliense.com.br\/vicente\/wp-json\/wp\/v2\/posts\/169","targetHints":{"allow":["GET"]}}],"collection":[{"href":"https:\/\/blogs2.correiobraziliense.com.br\/vicente\/wp-json\/wp\/v2\/posts"}],"about":[{"href":"https:\/\/blogs2.correiobraziliense.com.br\/vicente\/wp-json\/wp\/v2\/types\/post"}],"author":[{"embeddable":true,"href":"https:\/\/blogs2.correiobraziliense.com.br\/vicente\/wp-json\/wp\/v2\/users\/22"}],"replies":[{"embeddable":true,"href":"https:\/\/blogs2.correiobraziliense.com.br\/vicente\/wp-json\/wp\/v2\/comments?post=169"}],"version-history":[{"count":0,"href":"https:\/\/blogs2.correiobraziliense.com.br\/vicente\/wp-json\/wp\/v2\/posts\/169\/revisions"}],"wp:attachment":[{"href":"https:\/\/blogs2.correiobraziliense.com.br\/vicente\/wp-json\/wp\/v2\/media?parent=169"}],"wp:term":[{"taxonomy":"category","embeddable":true,"href":"https:\/\/blogs2.correiobraziliense.com.br\/vicente\/wp-json\/wp\/v2\/categories?post=169"},{"taxonomy":"post_tag","embeddable":true,"href":"https:\/\/blogs2.correiobraziliense.com.br\/vicente\/wp-json\/wp\/v2\/tags?post=169"}],"curies":[{"name":"wp","href":"https:\/\/api.w.org\/{rel}","templated":true}]}}