{"id":16925,"date":"2020-12-17T16:01:48","date_gmt":"2020-12-17T19:01:48","guid":{"rendered":"https:\/\/blogs2.correiobraziliense.com.br\/vicente\/?p=16925"},"modified":"2020-12-17T18:39:23","modified_gmt":"2020-12-17T21:39:23","slug":"cdn-vai-cuidar-da-assessoria-de-imprensa-do-ministerio-da-economia","status":"publish","type":"post","link":"https:\/\/blogs2.correiobraziliense.com.br\/vicente\/cdn-vai-cuidar-da-assessoria-de-imprensa-do-ministerio-da-economia\/","title":{"rendered":"CDN vai cuidar da assessoria de imprensa do Minist\u00e9rio da Economia"},"content":{"rendered":"<h2>Depois de uma <a href=\"https:\/\/blogs2.correiobraziliense.com.br\/vicente\/o-grande-rolo-de-um-contrato-de-r-23-milhoes-do-ministerio-da-economia\/\">grande disputa<\/a>, que foi parar na Justi\u00e7a, o Minist\u00e9rio da Economia informou hoje que a CDN Comunica\u00e7\u00e3o Corporativa ser\u00e1 respons\u00e1vel pela sua assessoria de imprensa. O contrato com a empresa foi assinado na ter\u00e7a-feira (15\/12) e publicado no <em>Di\u00e1rio Oficial<\/em> desta quinta (17\/12).<\/h2>\n<p>&nbsp;<\/p>\n<p>Pelo contrato,\u00a0 que custar\u00e1 R$ 9,5 milh\u00f5es ao longo de um ano, a CDN estar\u00e1 encarregada da prospec\u00e7\u00e3o, planejamento, implementa\u00e7\u00e3o, manuten\u00e7\u00e3o e monitoramento de solu\u00e7\u00f5es de comunica\u00e7\u00e3o corporativa do minist\u00e9rio.<\/p>\n<p>&nbsp;<\/p>\n<p>Ter\u00e1, tamb\u00e9m, de fazer a execu\u00e7\u00e3o &#8220;t\u00e9cnica de a\u00e7\u00f5es e elabora\u00e7\u00f5es de materiais de comunica\u00e7\u00e3o corporativa e de conte\u00fado multim\u00eddia&#8221;, al\u00e9m de &#8220;cria\u00e7\u00e3o, implementa\u00e7\u00e3o e desenvolvimento de formas inovadoras de comunica\u00e7\u00e3o corporativa&#8221;.<\/p>\n<p>&nbsp;<\/p>\n<p>O valor original da licita\u00e7\u00e3o feita pelo Minist\u00e9rio da Economia era superior a R$ 23 milh\u00f5es. Com um desconto de quase 60%, a CDN venceu gigantes como a FSB, que concorreu sustentada por uma liminar.<\/p>\n<p>&nbsp;<\/p>\n<p>Presidente da CDN, F\u00e1bio Santos diz\u00a0a conta do Minist\u00e9rio da Economia trar\u00e1 ainda mais relev\u00e2ncia \u00e0 empresa. &#8220;Estou confiante na nossa capacidade de desenvolver um bom trabalho junto ao minist\u00e9rio, colaborando com a agenda de reformas e transforma\u00e7\u00f5es necess\u00e1rias ao pa\u00eds&#8221;, diz.<\/p>\n<p>&nbsp;<\/p>\n<p>Segundo ele, a CDN ter\u00e1 profissionais do primeiro time, experientes e comprometidos, \u00e0 frente desse atendimento. &#8220;At\u00e9 porque, al\u00e9m de colaborar com Brasil, vemos nesse trabalho a oportunidade de inovar e construir um case de comunica\u00e7\u00e3o p\u00fablica. A execu\u00e7\u00e3o do contrato come\u00e7a em janeiro. Ou seja, come\u00e7amos 2021 com o p\u00e9 direito&#8221;, frisa.<\/p>\n<p>&nbsp;<\/p>\n<p><em>Bras\u00edlia, 16h01min<\/em><\/p>\n","protected":false},"excerpt":{"rendered":"<p>Depois de uma grande disputa, que foi parar na Justi\u00e7a, o Minist\u00e9rio da Economia informou hoje que a CDN Comunica\u00e7\u00e3o Corporativa ser\u00e1 respons\u00e1vel pela sua assessoria de imprensa. O contrato com a empresa foi assinado na ter\u00e7a-feira (15\/12) e publicado no Di\u00e1rio Oficial desta quinta (17\/12). &nbsp; Pelo contrato,\u00a0 que custar\u00e1 R$ 9,5 milh\u00f5es ao [&hellip;]<\/p>\n","protected":false},"author":22,"featured_media":13463,"comment_status":"open","ping_status":"closed","sticky":false,"template":"","format":"standard","meta":{"wpb_read_more":[],"footnotes":""},"categories":[600],"tags":[5106,589,2632,2526,2787],"class_list":["post-16925","post","type-post","status-publish","format-standard","has-post-thumbnail","hentry","category-economia","tag-cdn-vai-cuidar-da-assessoria-de-imprensa-do-ministerio-da-economia","tag-economia","tag-imprensa","tag-poder","tag-politica"],"_links":{"self":[{"href":"https:\/\/blogs2.correiobraziliense.com.br\/vicente\/wp-json\/wp\/v2\/posts\/16925","targetHints":{"allow":["GET"]}}],"collection":[{"href":"https:\/\/blogs2.correiobraziliense.com.br\/vicente\/wp-json\/wp\/v2\/posts"}],"about":[{"href":"https:\/\/blogs2.correiobraziliense.com.br\/vicente\/wp-json\/wp\/v2\/types\/post"}],"author":[{"embeddable":true,"href":"https:\/\/blogs2.correiobraziliense.com.br\/vicente\/wp-json\/wp\/v2\/users\/22"}],"replies":[{"embeddable":true,"href":"https:\/\/blogs2.correiobraziliense.com.br\/vicente\/wp-json\/wp\/v2\/comments?post=16925"}],"version-history":[{"count":5,"href":"https:\/\/blogs2.correiobraziliense.com.br\/vicente\/wp-json\/wp\/v2\/posts\/16925\/revisions"}],"predecessor-version":[{"id":16931,"href":"https:\/\/blogs2.correiobraziliense.com.br\/vicente\/wp-json\/wp\/v2\/posts\/16925\/revisions\/16931"}],"wp:featuredmedia":[{"embeddable":true,"href":"https:\/\/blogs2.correiobraziliense.com.br\/vicente\/wp-json\/wp\/v2\/media\/13463"}],"wp:attachment":[{"href":"https:\/\/blogs2.correiobraziliense.com.br\/vicente\/wp-json\/wp\/v2\/media?parent=16925"}],"wp:term":[{"taxonomy":"category","embeddable":true,"href":"https:\/\/blogs2.correiobraziliense.com.br\/vicente\/wp-json\/wp\/v2\/categories?post=16925"},{"taxonomy":"post_tag","embeddable":true,"href":"https:\/\/blogs2.correiobraziliense.com.br\/vicente\/wp-json\/wp\/v2\/tags?post=16925"}],"curies":[{"name":"wp","href":"https:\/\/api.w.org\/{rel}","templated":true}]}}