{"id":16933,"date":"2020-12-18T14:15:08","date_gmt":"2020-12-18T17:15:08","guid":{"rendered":"https:\/\/blogs2.correiobraziliense.com.br\/vicente\/?p=16933"},"modified":"2020-12-18T15:07:27","modified_gmt":"2020-12-18T18:07:27","slug":"rede-malunga-abrira-lojas-em-goiania-e-sao-paulo-e-prepara-lancamento-de-acoes-em-bolsa","status":"publish","type":"post","link":"https:\/\/blogs2.correiobraziliense.com.br\/vicente\/rede-malunga-abrira-lojas-em-goiania-e-sao-paulo-e-prepara-lancamento-de-acoes-em-bolsa\/","title":{"rendered":"Rede Malunga abrir\u00e1 lojas em Goi\u00e2nia e S\u00e3o Paulo e prepara lan\u00e7amento de a\u00e7\u00f5es em Bolsa"},"content":{"rendered":"<h2>A Malunga, maior rede de mercados de org\u00e2nicos do pa\u00eds, do empres\u00e1rio Joe Valle, est\u00e1 em franco processo de expans\u00e3o. Com seis lojas em funcionamento, a empresa se prepara para a abertura de seu primeiro ponto de vendas em Goi\u00e2nia, no primeiro semestre de 2021, e um em S\u00e3o Paulo, no segundo semestre do ano que vem.<\/h2>\n<p>&nbsp;<\/p>\n<p>Ainda neste ano, ser\u00e3o inauguradas tr\u00eas lojas em Bras\u00edlia, uma, no in\u00edcio da Asa Norte; outra, no Jardim Bot\u00e2nico; e a terceira, no Lago Norte. Segundo Valle, que participou do programa <em>CB.Poder<\/em>, uma parceria da TV Bras\u00edlia com o <strong>Correio<\/strong> <strong>Braziliense<\/strong>, o consumo de org\u00e2nicos cresceu muito durante a pandemia do novo coronav\u00edrus, o que justifica os investimentos na expans\u00e3o da rede.<\/p>\n<p>&nbsp;<\/p>\n<p>Dentro desse processo, a Malunga tamb\u00e9m prev\u00ea o lan\u00e7amento de a\u00e7\u00f5es em Bolsa de Valores dentro de tr\u00eas anos. O objetivo \u00e9 atrair fundos de investimentos estrangeiros como parceiros estrat\u00e9gicos para refor\u00e7ar o caixa e garantir um crescimento sustentado da rede.<\/p>\n<p>&nbsp;<\/p>\n<p>A Malunga registra avan\u00e7o de 30% neste ano, com o faturamento passando de R$ 30 milh\u00f5es. A demanda por produtos org\u00e2nicos est\u00e1 sendo puxada, sobretudo, pela popula\u00e7\u00e3o mais jovem, que faz quest\u00e3o de alimentos sem agrot\u00f3xicos, produzidos por empresas comprometidas com o meio ambiente.<\/p>\n<p>&nbsp;<\/p>\n<p>Bras\u00edlia, por sinal, \u00e9 refer\u00eancia no mercado de produtos org\u00e2nicos. A meta, agora, segundo Valle, \u00e9 fazer com que esses alimentos mais saud\u00e1veis cheguem \u00e0 popula\u00e7\u00e3o de mais baixa renda, o que ser\u00e1 feito por meio de feiras nas cidades do Entorno. Os pre\u00e7os, garante, ser\u00e3o bem acess\u00edveis.<\/p>\n<p>&nbsp;<\/p>\n<p><em>Bras\u00edlia, 14h15min<\/em><\/p>\n","protected":false},"excerpt":{"rendered":"<p>A Malunga, maior rede de mercados de org\u00e2nicos do pa\u00eds, do empres\u00e1rio Joe Valle, est\u00e1 em franco processo de expans\u00e3o. Com seis lojas em funcionamento, a empresa se prepara para a abertura de seu primeiro ponto de vendas em Goi\u00e2nia, no primeiro semestre de 2021, e um em S\u00e3o Paulo, no segundo semestre do ano [&hellip;]<\/p>\n","protected":false},"author":22,"featured_media":16934,"comment_status":"open","ping_status":"closed","sticky":false,"template":"","format":"standard","meta":{"wpb_read_more":[],"footnotes":""},"categories":[600],"tags":[926,589,4547,5107],"class_list":["post-16933","post","type-post","status-publish","format-standard","has-post-thumbnail","hentry","category-economia","tag-brasilia","tag-economia","tag-negocios","tag-rede-malunga-abrira-lojas-em-goiania-e-sao-paulo-e-prepara-lancamento-de-acoes-em-bolsa"],"_links":{"self":[{"href":"https:\/\/blogs2.correiobraziliense.com.br\/vicente\/wp-json\/wp\/v2\/posts\/16933","targetHints":{"allow":["GET"]}}],"collection":[{"href":"https:\/\/blogs2.correiobraziliense.com.br\/vicente\/wp-json\/wp\/v2\/posts"}],"about":[{"href":"https:\/\/blogs2.correiobraziliense.com.br\/vicente\/wp-json\/wp\/v2\/types\/post"}],"author":[{"embeddable":true,"href":"https:\/\/blogs2.correiobraziliense.com.br\/vicente\/wp-json\/wp\/v2\/users\/22"}],"replies":[{"embeddable":true,"href":"https:\/\/blogs2.correiobraziliense.com.br\/vicente\/wp-json\/wp\/v2\/comments?post=16933"}],"version-history":[{"count":1,"href":"https:\/\/blogs2.correiobraziliense.com.br\/vicente\/wp-json\/wp\/v2\/posts\/16933\/revisions"}],"predecessor-version":[{"id":16935,"href":"https:\/\/blogs2.correiobraziliense.com.br\/vicente\/wp-json\/wp\/v2\/posts\/16933\/revisions\/16935"}],"wp:featuredmedia":[{"embeddable":true,"href":"https:\/\/blogs2.correiobraziliense.com.br\/vicente\/wp-json\/wp\/v2\/media\/16934"}],"wp:attachment":[{"href":"https:\/\/blogs2.correiobraziliense.com.br\/vicente\/wp-json\/wp\/v2\/media?parent=16933"}],"wp:term":[{"taxonomy":"category","embeddable":true,"href":"https:\/\/blogs2.correiobraziliense.com.br\/vicente\/wp-json\/wp\/v2\/categories?post=16933"},{"taxonomy":"post_tag","embeddable":true,"href":"https:\/\/blogs2.correiobraziliense.com.br\/vicente\/wp-json\/wp\/v2\/tags?post=16933"}],"curies":[{"name":"wp","href":"https:\/\/api.w.org\/{rel}","templated":true}]}}