{"id":1696,"date":"2016-06-27T16:10:36","date_gmt":"2016-06-27T19:10:36","guid":{"rendered":"https:\/\/blogs2.correiobraziliense.com.br\/vicente\/?p=1696"},"modified":"2016-06-27T16:47:14","modified_gmt":"2016-06-27T19:47:14","slug":"ilan-fara-discurso-duro-contra-inflacao-mas-indicara-convergencia-da-meta-para-2018-juros-so-cairao-quando-houver-espaco","status":"publish","type":"post","link":"https:\/\/blogs2.correiobraziliense.com.br\/vicente\/ilan-fara-discurso-duro-contra-inflacao-mas-indicara-convergencia-da-meta-para-2018-juros-so-cairao-quando-houver-espaco\/","title":{"rendered":"Ilan far\u00e1 discurso duro contra infla\u00e7\u00e3o, mas indicar\u00e1 converg\u00eancia da meta para 2018. Juros s\u00f3 cair\u00e3o quando houver espa\u00e7o"},"content":{"rendered":"<p>Todas as aten\u00e7\u00f5es do mercado financeiro est\u00e3o voltadas para o discurso que o presidente do Banco Central, Ilan Goldfajn, far\u00e1 nesta ter\u00e7a-feira, 28, durante a apresenta\u00e7\u00e3o do relat\u00f3rio trimestral de infla\u00e7\u00e3o.<\/p>\n<p>&nbsp;<\/p>\n<p>Est\u00e1 certo que ele lan\u00e7ar\u00e1 m\u00e3o de um discurso duro contra o custo de vida, que se mant\u00e9m muito distante do centro da meta, de 4,5%, indicando que a taxa b\u00e1sica de juros (Selic), que est\u00e1 em 14,25% ao ano, s\u00f3 cair\u00e1 quando houver espa\u00e7o para isso.<\/p>\n<p>&nbsp;<\/p>\n<p>Ilan deve indicar que, apesar da postura mais dura do BC, a infla\u00e7\u00e3o s\u00f3 convergir\u00e1 para o centro da meta em 2018. Mesmo com o d\u00f3lar mais fraco, os modelos da autoridade monet\u00e1ria ainda n\u00e3o mostram a infla\u00e7\u00e3o em 4,5% at\u00e9 o fim de 2017.<\/p>\n<p>&nbsp;<\/p>\n<p>O discurso mais enf\u00e1tico de Ilan contra a infla\u00e7\u00e3o tem motivo. N\u00e3o soou bem dentro do BC a declara\u00e7\u00e3o do presidente interino, Michel Temer, de que as taxas de juros devem cair ainda neste ano. Por mais que o BC queira cortar os juros, n\u00e3o \u00e9 indicado que o Pal\u00e1cio do Planalto entre na discuss\u00e3o.<\/p>\n<p>&nbsp;<\/p>\n<p>O antecessor de Ilan, Alexandre Tombini, perdeu toda a credibilidade na condu\u00e7\u00e3o da pol\u00edtica monet\u00e1ria justamente porque cedeu aos apelos da presidente afastada, Dilma Rousseff.<\/p>\n<p>&nbsp;<\/p>\n<p><em>Bras\u00edlia, 16h10min<\/em><\/p>\n","protected":false},"excerpt":{"rendered":"<p>Todas as aten\u00e7\u00f5es do mercado financeiro est\u00e3o voltadas para o discurso que o presidente do Banco Central, Ilan Goldfajn, far\u00e1 nesta ter\u00e7a-feira, 28, durante a apresenta\u00e7\u00e3o do relat\u00f3rio trimestral de infla\u00e7\u00e3o. &nbsp; Est\u00e1 certo que ele lan\u00e7ar\u00e1 m\u00e3o de um discurso duro contra o custo de vida, que se mant\u00e9m muito distante do centro da [&hellip;]<\/p>\n","protected":false},"author":22,"featured_media":0,"comment_status":"open","ping_status":"closed","sticky":false,"template":"","format":"standard","meta":{"wpb_read_more":[],"footnotes":""},"categories":[1],"tags":[],"class_list":["post-1696","post","type-post","status-publish","format-standard","hentry","category-sem-categoria"],"_links":{"self":[{"href":"https:\/\/blogs2.correiobraziliense.com.br\/vicente\/wp-json\/wp\/v2\/posts\/1696","targetHints":{"allow":["GET"]}}],"collection":[{"href":"https:\/\/blogs2.correiobraziliense.com.br\/vicente\/wp-json\/wp\/v2\/posts"}],"about":[{"href":"https:\/\/blogs2.correiobraziliense.com.br\/vicente\/wp-json\/wp\/v2\/types\/post"}],"author":[{"embeddable":true,"href":"https:\/\/blogs2.correiobraziliense.com.br\/vicente\/wp-json\/wp\/v2\/users\/22"}],"replies":[{"embeddable":true,"href":"https:\/\/blogs2.correiobraziliense.com.br\/vicente\/wp-json\/wp\/v2\/comments?post=1696"}],"version-history":[{"count":1,"href":"https:\/\/blogs2.correiobraziliense.com.br\/vicente\/wp-json\/wp\/v2\/posts\/1696\/revisions"}],"predecessor-version":[{"id":1697,"href":"https:\/\/blogs2.correiobraziliense.com.br\/vicente\/wp-json\/wp\/v2\/posts\/1696\/revisions\/1697"}],"wp:attachment":[{"href":"https:\/\/blogs2.correiobraziliense.com.br\/vicente\/wp-json\/wp\/v2\/media?parent=1696"}],"wp:term":[{"taxonomy":"category","embeddable":true,"href":"https:\/\/blogs2.correiobraziliense.com.br\/vicente\/wp-json\/wp\/v2\/categories?post=1696"},{"taxonomy":"post_tag","embeddable":true,"href":"https:\/\/blogs2.correiobraziliense.com.br\/vicente\/wp-json\/wp\/v2\/tags?post=1696"}],"curies":[{"name":"wp","href":"https:\/\/api.w.org\/{rel}","templated":true}]}}