{"id":16976,"date":"2020-12-22T14:21:42","date_gmt":"2020-12-22T17:21:42","guid":{"rendered":"https:\/\/blogs2.correiobraziliense.com.br\/vicente\/?p=16976"},"modified":"2020-12-22T16:50:09","modified_gmt":"2020-12-22T19:50:09","slug":"assessores-do-planalto-temem-ligacoes-de-carlos-e-flavio-bolsonaro-com-crivella","status":"publish","type":"post","link":"https:\/\/blogs2.correiobraziliense.com.br\/vicente\/assessores-do-planalto-temem-ligacoes-de-carlos-e-flavio-bolsonaro-com-crivella\/","title":{"rendered":"Assessores do Planalto temem liga\u00e7\u00f5es de Carlos e Fl\u00e1vio Bolsonaro com Crivella"},"content":{"rendered":"<h2>H\u00e1 um inc\u00f4modo claro no Pal\u00e1cio do Planalto com a forte liga\u00e7\u00e3o de dois filhos do presidente da Rep\u00fablica, Jair Bolsonaro, com o prefeito do Rio de Janeiro, Marcelo Crivella, que foi preso sob a acusa\u00e7\u00e3o de chefiar um grande esquema de corrup\u00e7\u00e3o e de desvio de dinheiro p\u00fablico.<\/h2>\n<p>&nbsp;<\/p>\n<p>Segundo assessores do presidente, o senador Fl\u00e1vio Bolsonaro e o vereador Carlos Bolsonaro s\u00e3o muito pr\u00f3ximos de Crivella e trabalharam pesado para que todas as CPIs e todos os processo de impeachment contra o prefeito n\u00e3o prosperassem na C\u00e2mara de Vereadores.<\/p>\n<p>&nbsp;<\/p>\n<p>Segundo o Minist\u00e9rio P\u00fablico, o QG da Propina na Prefeitura do Rio movimentava at\u00e9 R$ 2 milh\u00f5es por m\u00eas em repasses feitos por empres\u00e1rios que t\u00eam contratos com a administra\u00e7\u00e3o carioca. O esquema foi delatado por empres\u00e1rios que integravam a quadrilha.<\/p>\n<p>&nbsp;<\/p>\n<p>Fl\u00e1vio e Carlos s\u00e3o do mesmo partido de Crivella, o Republicanos. E explicitaram apoio \u00e0 candidatura do prefeito \u00e0 reelei\u00e7\u00e3o \u2014 ele acabou derrotado. Tamb\u00e9m o presidente Bolsonaro fez campanha para Crivella, acreditando que, com a vit\u00f3ria dele, aumentaria seu poder no Rio.<\/p>\n<p>&nbsp;<\/p>\n<p><strong>Dor de cabe\u00e7a a Bolsonaro<\/strong><\/p>\n<p>&nbsp;<\/p>\n<p>A grande proximidade de Fl\u00e1vio e Carlos Bolsonaro com Crivella, por sinal, chamou muito a aten\u00e7\u00e3o da oposi\u00e7\u00e3o, que est\u00e1 se movimentando para cobrar explica\u00e7\u00f5es do governo. Dentro do Congresso, acredita-se que a pris\u00e3o do prefeito dar\u00e1 muita dor de cabe\u00e7a ao presidente da Rep\u00fablica.<\/p>\n<p>&nbsp;<\/p>\n<p>De folga, em Santa Catarina, Bolsonaro est\u00e1 sendo avisado sobre todos os desdobramentos da pris\u00e3o de seu aliado. O presidente disse a assessores que n\u00e3o pode ser surpreendido pela imprensa em rela\u00e7\u00e3o ao rumos tomados pelas investiga\u00e7\u00f5es conduzidas pelo Minist\u00e9rio P\u00fablico.<\/p>\n<p>&nbsp;<\/p>\n<p>Para Bolsonaro, se Crivella continuar preso, faz parte do jogo. O que n\u00e3o quer a levar a crise envolvendo o prefeito para dentro do Planalto. J\u00e1 basta o esc\u00e2ndalo provocado pelo processo das rachadinhas na Assembleia Legislativa do Rio que tem Fl\u00e1vio Bolsonaro como pe\u00e7a central.<\/p>\n<p>&nbsp;<\/p>\n<p><em>Bras\u00edlia, 14h21min<\/em><\/p>\n","protected":false},"excerpt":{"rendered":"<p>H\u00e1 um inc\u00f4modo claro no Pal\u00e1cio do Planalto com a forte liga\u00e7\u00e3o de dois filhos do presidente da Rep\u00fablica, Jair Bolsonaro, com o prefeito do Rio de Janeiro, Marcelo Crivella, que foi preso sob a acusa\u00e7\u00e3o de chefiar um grande esquema de corrup\u00e7\u00e3o e de desvio de dinheiro p\u00fablico. &nbsp; Segundo assessores do presidente, o [&hellip;]<\/p>\n","protected":false},"author":22,"featured_media":16977,"comment_status":"open","ping_status":"closed","sticky":false,"template":"","format":"standard","meta":{"wpb_read_more":[],"footnotes":""},"categories":[600],"tags":[926,255,2526],"class_list":["post-16976","post","type-post","status-publish","format-standard","has-post-thumbnail","hentry","category-economia","tag-brasilia","tag-corrupcao","tag-poder"],"_links":{"self":[{"href":"https:\/\/blogs2.correiobraziliense.com.br\/vicente\/wp-json\/wp\/v2\/posts\/16976","targetHints":{"allow":["GET"]}}],"collection":[{"href":"https:\/\/blogs2.correiobraziliense.com.br\/vicente\/wp-json\/wp\/v2\/posts"}],"about":[{"href":"https:\/\/blogs2.correiobraziliense.com.br\/vicente\/wp-json\/wp\/v2\/types\/post"}],"author":[{"embeddable":true,"href":"https:\/\/blogs2.correiobraziliense.com.br\/vicente\/wp-json\/wp\/v2\/users\/22"}],"replies":[{"embeddable":true,"href":"https:\/\/blogs2.correiobraziliense.com.br\/vicente\/wp-json\/wp\/v2\/comments?post=16976"}],"version-history":[{"count":2,"href":"https:\/\/blogs2.correiobraziliense.com.br\/vicente\/wp-json\/wp\/v2\/posts\/16976\/revisions"}],"predecessor-version":[{"id":16980,"href":"https:\/\/blogs2.correiobraziliense.com.br\/vicente\/wp-json\/wp\/v2\/posts\/16976\/revisions\/16980"}],"wp:featuredmedia":[{"embeddable":true,"href":"https:\/\/blogs2.correiobraziliense.com.br\/vicente\/wp-json\/wp\/v2\/media\/16977"}],"wp:attachment":[{"href":"https:\/\/blogs2.correiobraziliense.com.br\/vicente\/wp-json\/wp\/v2\/media?parent=16976"}],"wp:term":[{"taxonomy":"category","embeddable":true,"href":"https:\/\/blogs2.correiobraziliense.com.br\/vicente\/wp-json\/wp\/v2\/categories?post=16976"},{"taxonomy":"post_tag","embeddable":true,"href":"https:\/\/blogs2.correiobraziliense.com.br\/vicente\/wp-json\/wp\/v2\/tags?post=16976"}],"curies":[{"name":"wp","href":"https:\/\/api.w.org\/{rel}","templated":true}]}}