{"id":16982,"date":"2020-12-22T18:57:37","date_gmt":"2020-12-22T21:57:37","guid":{"rendered":"https:\/\/blogs2.correiobraziliense.com.br\/vicente\/?p=16982"},"modified":"2020-12-22T19:38:16","modified_gmt":"2020-12-22T22:38:16","slug":"e-preciso-mais-ponderacao-e-menos-arrogancia-para-enfrentar-a-covid-diz-general-rego-barros","status":"publish","type":"post","link":"https:\/\/blogs2.correiobraziliense.com.br\/vicente\/e-preciso-mais-ponderacao-e-menos-arrogancia-para-enfrentar-a-covid-diz-general-rego-barros\/","title":{"rendered":"&#8220;\u00c9 preciso mais pondera\u00e7\u00e3o e menos arrog\u00e2ncia&#8221; para enfrentar a covid, diz general R\u00eago Barros"},"content":{"rendered":"<h2>Ex-porta-voz da Presid\u00eancia da Rep\u00fablica, o general Ot\u00e1vio do R\u00eago Barros diz, <a href=\"https:\/\/www.correiobraziliense.com.br\/opiniao\/2020\/12\/4896381-a-arrogancia-do-lider.html\">em artigo publicado no <strong>Correio<\/strong><\/a>, sob o t\u00edtulo &#8220;A arrog\u00e2ncia do l\u00edder&#8221;, que o Brasil n\u00e3o aceita mais tantas perdas de vidas para covid-19. &#8220;Estamos ficando angustiados&#8221;, afirma. &#8220;\u00c9 preciso mais pondera\u00e7\u00e3o e menos arrog\u00e2ncia para enfrent\u00e1-la&#8221;, acrescenta.<\/h2>\n<p>&nbsp;<\/p>\n<p>R\u00eago Barros usa a hist\u00f3ria do &#8220;general&#8221; americano George Armstrong Custer, que, em 1876, foi massacrado com toda a sua tropa pelos \u00edndios, para fazer uma analogia com o governo de Jair Bolsonaro, que, por arrog\u00e2ncia e despreparo, est\u00e1 empurrando o pa\u00eds para 200 mil mortes pelo novo coronav\u00edrus.<\/p>\n<p>&nbsp;<\/p>\n<p>Custer, como Bolsonaro, foi um militar med\u00edocre, que n\u00e3o confiava em seus auxiliares. Era vaidoso, obcecado, quase louco pela gl\u00f3ria. Quando se viu encurralado numa batalha na qual s\u00f3 um cavalo sobreviveu, teve o pedido de refor\u00e7o ignorado por um subordinado.<\/p>\n<p>&nbsp;<\/p>\n<p><strong>Fama fala mais alto<\/strong><\/p>\n<p>&nbsp;<\/p>\n<p>Para R\u00eago Barros, a hist\u00f3ria de Custer \u00e9 plena de ensinamentos &#8220;e deve ser considerada por aqueles que se encontram em posi\u00e7\u00e3o de mando&#8221;. Para ele, pode-se depreender que &#8220;n\u00e3o se divide for\u00e7as contra inimigos poderosos&#8221;.<\/p>\n<p>&nbsp;<\/p>\n<p>Mais: &#8220;\u00c9 impositivo planejar com seguran\u00e7a a hora do ataque, \u00e9 preciso ouvir assessores experientes e ter cautela, mesmo que a ansiedade por fama fale mais alto&#8221;. O ex-porta-voz diz ainda que a hist\u00f3ria de Custer mostra que &#8220;h\u00e1 infiltrados que s\u00e3o mercen\u00e1rios e se vendem pelo melhor pre\u00e7o&#8221; \u2014 qualquer semelhan\u00e7a com o Centr\u00e3o que se aliou a Bolsonaro n\u00e3o \u00e9 mera coincid\u00eancia.<\/p>\n<p>&nbsp;<\/p>\n<p>Segundo o general, &#8220;os verdadeiros guias de uma na\u00e7\u00e3o chegam ao poder e passam para a hist\u00f3ria por terem conduzido e superado, com serenidade e determina\u00e7\u00e3o, as crises e as cat\u00e1strofes. Portanto, acrescenta, &#8220;l\u00edderes que decidem de foram fidagal podem fenecer, levando consigo seus subordinados e deixando apenas um tr\u00f4pego cavalo para contar hist\u00f3ria&#8221;.<\/p>\n<p>&nbsp;<\/p>\n<p>E arremata: &#8220;A temida e poderosa tribo do coronav\u00edrus&#8221; deseja &#8220;arrancar o nosso escalpo e demonstrar que erramos, mais uma vez, ao escolhermos nosso l\u00edderes atuais&#8221;.<\/p>\n<p>&nbsp;<\/p>\n<p><em>Bras\u00edlia, 18h57min<\/em><\/p>\n","protected":false},"excerpt":{"rendered":"<p>Ex-porta-voz da Presid\u00eancia da Rep\u00fablica, o general Ot\u00e1vio do R\u00eago Barros diz, em artigo publicado no Correio, sob o t\u00edtulo &#8220;A arrog\u00e2ncia do l\u00edder&#8221;, que o Brasil n\u00e3o aceita mais tantas perdas de vidas para covid-19. &#8220;Estamos ficando angustiados&#8221;, afirma. &#8220;\u00c9 preciso mais pondera\u00e7\u00e3o e menos arrog\u00e2ncia para enfrent\u00e1-la&#8221;, acrescenta. &nbsp; R\u00eago Barros usa a [&hellip;]<\/p>\n","protected":false},"author":22,"featured_media":16983,"comment_status":"open","ping_status":"closed","sticky":false,"template":"","format":"standard","meta":{"wpb_read_more":[],"footnotes":""},"categories":[600],"tags":[5112,926,5113,2526,2787],"class_list":["post-16982","post","type-post","status-publish","format-standard","has-post-thumbnail","hentry","category-economia","tag-e-preciso-mais-ponderacao-e-menos-arrogancia-para-enfrentar-a-covid","tag-brasilia","tag-diz-general-rego-barros","tag-poder","tag-politica"],"_links":{"self":[{"href":"https:\/\/blogs2.correiobraziliense.com.br\/vicente\/wp-json\/wp\/v2\/posts\/16982","targetHints":{"allow":["GET"]}}],"collection":[{"href":"https:\/\/blogs2.correiobraziliense.com.br\/vicente\/wp-json\/wp\/v2\/posts"}],"about":[{"href":"https:\/\/blogs2.correiobraziliense.com.br\/vicente\/wp-json\/wp\/v2\/types\/post"}],"author":[{"embeddable":true,"href":"https:\/\/blogs2.correiobraziliense.com.br\/vicente\/wp-json\/wp\/v2\/users\/22"}],"replies":[{"embeddable":true,"href":"https:\/\/blogs2.correiobraziliense.com.br\/vicente\/wp-json\/wp\/v2\/comments?post=16982"}],"version-history":[{"count":1,"href":"https:\/\/blogs2.correiobraziliense.com.br\/vicente\/wp-json\/wp\/v2\/posts\/16982\/revisions"}],"predecessor-version":[{"id":16984,"href":"https:\/\/blogs2.correiobraziliense.com.br\/vicente\/wp-json\/wp\/v2\/posts\/16982\/revisions\/16984"}],"wp:featuredmedia":[{"embeddable":true,"href":"https:\/\/blogs2.correiobraziliense.com.br\/vicente\/wp-json\/wp\/v2\/media\/16983"}],"wp:attachment":[{"href":"https:\/\/blogs2.correiobraziliense.com.br\/vicente\/wp-json\/wp\/v2\/media?parent=16982"}],"wp:term":[{"taxonomy":"category","embeddable":true,"href":"https:\/\/blogs2.correiobraziliense.com.br\/vicente\/wp-json\/wp\/v2\/categories?post=16982"},{"taxonomy":"post_tag","embeddable":true,"href":"https:\/\/blogs2.correiobraziliense.com.br\/vicente\/wp-json\/wp\/v2\/tags?post=16982"}],"curies":[{"name":"wp","href":"https:\/\/api.w.org\/{rel}","templated":true}]}}