{"id":16985,"date":"2020-12-23T11:26:48","date_gmt":"2020-12-23T14:26:48","guid":{"rendered":"https:\/\/blogs2.correiobraziliense.com.br\/vicente\/?p=16985"},"modified":"2020-12-23T13:15:47","modified_gmt":"2020-12-23T16:15:47","slug":"postos-dizem-que-nao-ha-motivo-para-corrida-por-gasolina","status":"publish","type":"post","link":"https:\/\/blogs2.correiobraziliense.com.br\/vicente\/postos-dizem-que-nao-ha-motivo-para-corrida-por-gasolina\/","title":{"rendered":"Postos dizem que n\u00e3o h\u00e1 motivo para corrida por gasolina"},"content":{"rendered":"<h2>Os postos de combust\u00edveis do Distrito Federal acenderam o sinal de alerta. Foram avisados de que h\u00e1 problemas s\u00e9rios na recomposi\u00e7\u00e3o dos estoques por causa de dificuldades no duto da Transpetro que abastece a capital do pa\u00eds e Goi\u00e2nia. Pode faltar gasolina no Natal.<\/h2>\n<p>&nbsp;<\/p>\n<p>Segundo Paulo Tavares, presidente do Sindicato do Com\u00e9rcio Varejista de Combust\u00edveis e Lubrificantes do Distrito Federal (Sindicombust\u00edveis-DF), na capital goiana, a situa\u00e7\u00e3o dos postos j\u00e1 \u00e9 cr\u00edtica. Revendedores est\u00e3o sem previs\u00e3o de reposi\u00e7\u00e3o dos estoques.<\/p>\n<p>&nbsp;<\/p>\n<p>No DF, segundo Tavares, os estoques d\u00e3o, em m\u00e9dia, para dois a tr\u00eas dias, mas h\u00e1 postos que, por restri\u00e7\u00f5es de fluxo de caixa, s\u00f3 t\u00eam combust\u00edveis para um dia. S\u00e3o esses os que mais est\u00e3o preocupados com os problemas apresentados no duto da Transpreto.<\/p>\n<p>&nbsp;<\/p>\n<p>A situa\u00e7\u00e3o s\u00f3 n\u00e3o \u00e9 mais dram\u00e1tica porque a Petrobras entrou no circuito e est\u00e1 tentando suprir os postos nos quais o quadro \u00e9 mais preocupante. Diz um gerente de postos que n\u00e3o h\u00e1 motivo para uma corrida dos consumidores para abastecer os carros.<\/p>\n<p>&nbsp;<\/p>\n<p>&#8220;Temos certeza de que tudo ser\u00e1 resolvido de forma muito r\u00e1pida&#8221;, refor\u00e7a um dirigente de uma rede de postos do DF. &#8220;Problemas existem, mas h\u00e1 tempo suficiente para resolv\u00ea-los antes que, realmente, entremos em um per\u00edodo cr\u00edtico&#8221;, acrescenta.<\/p>\n<p>&nbsp;<\/p>\n<p>Os pre\u00e7os da gasolina tiveram forte reajuste nos \u00faltimos dias. Em m\u00e9dia, o litro do combust\u00edvel est\u00e1 em R$ 4,599. &#8220;Nesse valor, os motoristas ficam mais contidos na \u00e1rea de usarem os ve\u00edculos. Isso ajuda neste momento&#8221;, afirma o mesmo executivo.<\/p>\n<p>&nbsp;<\/p>\n<p><em>Bras\u00edlia, 11h26min<\/em><\/p>\n<p>&nbsp;<\/p>\n","protected":false},"excerpt":{"rendered":"<p>Os postos de combust\u00edveis do Distrito Federal acenderam o sinal de alerta. Foram avisados de que h\u00e1 problemas s\u00e9rios na recomposi\u00e7\u00e3o dos estoques por causa de dificuldades no duto da Transpetro que abastece a capital do pa\u00eds e Goi\u00e2nia. Pode faltar gasolina no Natal. &nbsp; Segundo Paulo Tavares, presidente do Sindicato do Com\u00e9rcio Varejista de [&hellip;]<\/p>\n","protected":false},"author":22,"featured_media":12590,"comment_status":"open","ping_status":"closed","sticky":false,"template":"","format":"standard","meta":{"wpb_read_more":[],"footnotes":""},"categories":[600],"tags":[589,4943,2526,5114],"class_list":["post-16985","post","type-post","status-publish","format-standard","has-post-thumbnail","hentry","category-economia","tag-economia","tag-financas","tag-poder","tag-postos-do-df-correm-risco-de-ficar-sem-gasolina-no-natal"],"_links":{"self":[{"href":"https:\/\/blogs2.correiobraziliense.com.br\/vicente\/wp-json\/wp\/v2\/posts\/16985","targetHints":{"allow":["GET"]}}],"collection":[{"href":"https:\/\/blogs2.correiobraziliense.com.br\/vicente\/wp-json\/wp\/v2\/posts"}],"about":[{"href":"https:\/\/blogs2.correiobraziliense.com.br\/vicente\/wp-json\/wp\/v2\/types\/post"}],"author":[{"embeddable":true,"href":"https:\/\/blogs2.correiobraziliense.com.br\/vicente\/wp-json\/wp\/v2\/users\/22"}],"replies":[{"embeddable":true,"href":"https:\/\/blogs2.correiobraziliense.com.br\/vicente\/wp-json\/wp\/v2\/comments?post=16985"}],"version-history":[{"count":3,"href":"https:\/\/blogs2.correiobraziliense.com.br\/vicente\/wp-json\/wp\/v2\/posts\/16985\/revisions"}],"predecessor-version":[{"id":16988,"href":"https:\/\/blogs2.correiobraziliense.com.br\/vicente\/wp-json\/wp\/v2\/posts\/16985\/revisions\/16988"}],"wp:featuredmedia":[{"embeddable":true,"href":"https:\/\/blogs2.correiobraziliense.com.br\/vicente\/wp-json\/wp\/v2\/media\/12590"}],"wp:attachment":[{"href":"https:\/\/blogs2.correiobraziliense.com.br\/vicente\/wp-json\/wp\/v2\/media?parent=16985"}],"wp:term":[{"taxonomy":"category","embeddable":true,"href":"https:\/\/blogs2.correiobraziliense.com.br\/vicente\/wp-json\/wp\/v2\/categories?post=16985"},{"taxonomy":"post_tag","embeddable":true,"href":"https:\/\/blogs2.correiobraziliense.com.br\/vicente\/wp-json\/wp\/v2\/tags?post=16985"}],"curies":[{"name":"wp","href":"https:\/\/api.w.org\/{rel}","templated":true}]}}