{"id":170,"date":"2015-08-21T13:05:00","date_gmt":"2015-08-21T16:05:00","guid":{"rendered":"https:\/\/blogs2.correiobraziliense.com.br\/vicente\/morre_emilio_garofalo\/"},"modified":"2015-08-21T13:05:00","modified_gmt":"2015-08-21T16:05:00","slug":"morre_emilio_garofalo","status":"publish","type":"post","link":"https:\/\/blogs2.correiobraziliense.com.br\/vicente\/morre_emilio_garofalo\/","title":{"rendered":"MORRE EM\u00cdLIO GAR\u00d3FALO"},"content":{"rendered":"\n<p>Morreu, nesta madrugada, o economista Em\u00edlio Gar\u00f3falo, um dos maiores especialistas em c\u00e2mbio do pa\u00eds. Ex-funcion\u00e1rio do Banco Central, onde comandou a mesa de c\u00e2mbio por longos anos, respondia, atualmente, pela diretoria de Compliance do Banco Ourinvest. <\/p>\n<p>Gar\u00f3falo nasceu em Bernardino de Campos, interior de S\u00e3o Paulo. Tinha 62 anos. <\/p>\n<p><i>Bras\u00edlia, 13h05min<\/i>   <\/p>\n","protected":false},"excerpt":{"rendered":"<p>Morreu, nesta madrugada, o economista Em\u00edlio Gar\u00f3falo, um dos maiores especialistas em c\u00e2mbio do pa\u00eds. Ex-funcion\u00e1rio do Banco Central, onde comandou a mesa de c\u00e2mbio por longos anos, respondia, atualmente, pela diretoria de Compliance do Banco Ourinvest. Gar\u00f3falo nasceu em Bernardino de Campos, interior de S\u00e3o Paulo. Tinha 62 anos. Bras\u00edlia, 13h05min<\/p>\n","protected":false},"author":22,"featured_media":0,"comment_status":"open","ping_status":"open","sticky":false,"template":"","format":"standard","meta":{"wpb_read_more":[],"footnotes":""},"categories":[1],"tags":[],"class_list":["post-170","post","type-post","status-publish","format-standard","hentry","category-sem-categoria"],"_links":{"self":[{"href":"https:\/\/blogs2.correiobraziliense.com.br\/vicente\/wp-json\/wp\/v2\/posts\/170","targetHints":{"allow":["GET"]}}],"collection":[{"href":"https:\/\/blogs2.correiobraziliense.com.br\/vicente\/wp-json\/wp\/v2\/posts"}],"about":[{"href":"https:\/\/blogs2.correiobraziliense.com.br\/vicente\/wp-json\/wp\/v2\/types\/post"}],"author":[{"embeddable":true,"href":"https:\/\/blogs2.correiobraziliense.com.br\/vicente\/wp-json\/wp\/v2\/users\/22"}],"replies":[{"embeddable":true,"href":"https:\/\/blogs2.correiobraziliense.com.br\/vicente\/wp-json\/wp\/v2\/comments?post=170"}],"version-history":[{"count":0,"href":"https:\/\/blogs2.correiobraziliense.com.br\/vicente\/wp-json\/wp\/v2\/posts\/170\/revisions"}],"wp:attachment":[{"href":"https:\/\/blogs2.correiobraziliense.com.br\/vicente\/wp-json\/wp\/v2\/media?parent=170"}],"wp:term":[{"taxonomy":"category","embeddable":true,"href":"https:\/\/blogs2.correiobraziliense.com.br\/vicente\/wp-json\/wp\/v2\/categories?post=170"},{"taxonomy":"post_tag","embeddable":true,"href":"https:\/\/blogs2.correiobraziliense.com.br\/vicente\/wp-json\/wp\/v2\/tags?post=170"}],"curies":[{"name":"wp","href":"https:\/\/api.w.org\/{rel}","templated":true}]}}