{"id":17005,"date":"2020-12-30T10:53:52","date_gmt":"2020-12-30T13:53:52","guid":{"rendered":"https:\/\/blogs2.correiobraziliense.com.br\/vicente\/?p=17005"},"modified":"2020-12-30T11:34:46","modified_gmt":"2020-12-30T14:34:46","slug":"apos-atualizacao-de-dados-divida-publica-bruta-fica-em-881-do-pib-em-novembro","status":"publish","type":"post","link":"https:\/\/blogs2.correiobraziliense.com.br\/vicente\/apos-atualizacao-de-dados-divida-publica-bruta-fica-em-881-do-pib-em-novembro\/","title":{"rendered":"Ap\u00f3s atualiza\u00e7\u00e3o de dados, d\u00edvida p\u00fablica bruta fica em 88,1% do PIB em novembro"},"content":{"rendered":"<p><span style=\"font-weight: 400\">ROSANA HESSEL<\/span><\/p>\n<p>&nbsp;<\/p>\n<p><span style=\"font-weight: 400\">Devido \u00e0 revis\u00e3o dos dados do Produto Interno Bruto (PIB) de 2020, o Banco Central fez ajustes na s\u00e9rie de estat\u00edsticas fiscais. Com a atualiza\u00e7\u00e3o dos dados, a d\u00edvida p\u00fablica bruta d\u00edvida p\u00fablica bruta do governo geral &#8212; que compreende os governos federal, estaduais e municipais e a Previd\u00eancia Social\u00a0 &#8212; encolheu estatisticamente como propor\u00e7\u00e3o do PIB, passando de 90,7% para 88,8% do PIB em outubro. <\/span><\/p>\n<p>&nbsp;<\/p>\n<p><span style=\"font-weight: 400\">Em novembro, a d\u00edvida p\u00fablica bruta\u00a0<\/span><span style=\"font-weight: 400\">registrou leve recuo em rela\u00e7\u00e3o ao m\u00eas anterior, passando de 88,8% do PIB para 88,1%, conforme dados do Banco Central divulgados nesta quarta-feira (30\/12).\u00a0\u00a0<\/span><span style=\"font-weight: 400\">A d\u00edvida p\u00fablica bruta somou R$ 6,558 trilh\u00f5es no m\u00eas passado, dado 0,2% menor do que os R$ 6,574 trilh\u00f5es computados em outubro.\u00a0<\/span><\/p>\n<p>&nbsp;<\/p>\n<p><span style=\"font-weight: 400\">De acordo com dados da autoridade monet\u00e1ria,\u00a0<\/span><span style=\"font-weight: 400\">a redu\u00e7\u00e3o de 0,7 ponto percentual (p.p.) na d\u00edvida bruta em rela\u00e7\u00e3o a outubro ocorreu, principalmente, devido \u00e0 valoriza\u00e7\u00e3o cambial de 7,6% e ao efeito da varia\u00e7\u00e3o do PIB nominal.\u00a0<\/span><span style=\"font-weight: 400\">Al\u00e9m disso, os resgates l\u00edquidos de d\u00edvida e a incorpora\u00e7\u00e3o de juros nominais tamb\u00e9m contribu\u00edram para a redu\u00e7\u00e3o no tamanho da d\u00edvida bruta. <\/span><\/p>\n<p>&nbsp;<\/p>\n<p><span style=\"font-weight: 400\">No acumulado do ano, a d\u00edvida p\u00fablica bruta aumentou 13,8\u00a0<\/span><span style=\"font-weight: 400\">pontos percentuais, passando de 74,3%\u00a0<\/span><span style=\"font-weight: 400\">do PIB (antes era 75,8%) para 88,1% do PIB, o que, em valores, implica em aumento de R$ 1 trilh\u00e3o sobre os R$ 5,5 trilh\u00f5es de dezembro de 2019.<\/span><\/p>\n<p>&nbsp;<\/p>\n<p><span style=\"font-weight: 400\">A d\u00edvida l\u00edquida do setor p\u00fablico somou R$ 4,568 bilh\u00f5es trilh\u00f5es em novembro, o equivalente a 61,4% do PIB. O dado apresenta alta de 1,4 ponto percentual no m\u00eas, segundo os dados do BC.<\/span><\/p>\n<p>&nbsp;<\/p>\n<p><span style=\"font-weight: 400\">Com a revis\u00e3o dos dados do PIB feita pelo Instituto Brasileiro de Geografia e Estat\u00edstica (IBGE), o BC atualizou as s\u00e9ries de estat\u00edsticas fiscais referenciadas ao PIB. Devido \u00e0s atualiza\u00e7\u00f5es do IBGE, o PIB de 2018 foi corrigido pelo BC de R$ 6,889 trilh\u00f5es para R$ 7 trilh\u00f5es. O PIB de 2019, passou de R$ 7,256 trilh\u00f5es para R$ 7,407 trilh\u00f5es. O instituto revistou tamb\u00e9m as\u00a0<\/span><span style=\"font-weight: 400\">quedas do PIB no primeiro e no segundo trimestres de 2020, que passaram de 2,5% e 9,7% para 1,5% e 9,6%, respectivamente.\u00a0<\/span><\/p>\n<p><span style=\"font-weight: 400\">Ap\u00f3s a atualiza\u00e7\u00e3o da s\u00e9rie, a rela\u00e7\u00e3o da d\u00edvida l\u00edquida do setor p\u00fablico de outubro passou de 61,2% para 59,9% do PIB, de acordo com o BC.<\/span><\/p>\n<p><span style=\"font-weight: 400\">\u00a0<\/span><\/p>\n<p><strong>Rombo fiscal<\/strong><\/p>\n<p>&nbsp;<\/p>\n<p><span style=\"font-weight: 400\">Conforme os dados do BC, o deficit prim\u00e1rio do setor p\u00fablico consolidado &#8212; formado pelo governo central, por estados e munic\u00edpios e pelas estatais &#8212; somou R$ 18,1 bilh\u00f5es em n<\/span>ovembro, revertendo o superavit prim\u00e1rio de outubro, de R$ 2,9 bilh\u00f5es de outubro.\u00a0 No governo central e nas empresas estatais houve deficits de R$ 20,4 bilh\u00f5es e de R$ 87 milh\u00f5es, respectivamente.\u00a0Os governos regionais apresentaram superavit de R$ 2,3 bilh\u00f5es.<\/p>\n<p>&nbsp;<\/p>\n<p>De janeiro a novembro, o d\u00e9ficit prim\u00e1rio acumulado do setor p\u00fablico atingiu R$ 651,1 bilh\u00f5es, ante d\u00e9ficit de R$ 48,4 bilh\u00f5es no mesmo per\u00edodo de 2019. No acumulado em doze meses, o d\u00e9ficit prim\u00e1rio atingiu R$ 664,6 bilh\u00f5es, o equivalente a 8,93 % do PIB.<\/p>\n<p>&nbsp;<\/p>\n<p><span style=\"font-weight: 400\">A conta de juros nominais do setor p\u00fablico consolidado, apropriados por compet\u00eancia, somaram R$ 2 bilh\u00f5es em novembro, comparativamente a R$ 37,8 bilh\u00f5es no mesmo m\u00eas de 2019. Segundo o BC, a redu\u00e7\u00e3o foi influenciada pela evolu\u00e7\u00e3o favor\u00e1vel do resultado das opera\u00e7\u00f5es de swap cambial (ganho de R$ 25,3 bilh\u00f5es em novembro de 2020, ante perda de R$ 8,9 bilh\u00f5es em novembro de 2019). Nos \u00faltimos doze meses, os juros nominais atingiram R$ 313,4 bilh\u00f5es (4,21% do PIB), comparativamente a R$ 369,3 bilh\u00f5es (5,01% do PIB) no acumulado at\u00e9 novembro do ano anterior.<\/span><\/p>\n<p>&nbsp;<\/p>\n<p><span style=\"font-weight: 400\">O resultado nominal do setor p\u00fablico consolidado, que inclui o resultado prim\u00e1rio e os juros nominais apropriados, foi deficit\u00e1rio em R$ 20,1 bilh\u00f5es no m\u00eas de novembro. No acumulado em doze meses, o d\u00e9ficit nominal alcan\u00e7ou R$ 978 bilh\u00f5es (13,14% do PIB). Em outubro, o deficit nominal tinha somado R$ 1,011 trilh\u00e3o, ou 13,6% do PIB.<\/span><\/p>\n","protected":false},"excerpt":{"rendered":"<p>ROSANA HESSEL &nbsp; Devido \u00e0 revis\u00e3o dos dados do Produto Interno Bruto (PIB) de 2020, o Banco Central fez ajustes na s\u00e9rie de estat\u00edsticas fiscais. Com a atualiza\u00e7\u00e3o dos dados, a d\u00edvida p\u00fablica bruta d\u00edvida p\u00fablica bruta do governo geral &#8212; que compreende os governos federal, estaduais e municipais e a Previd\u00eancia Social\u00a0 &#8212; encolheu [&hellip;]<\/p>\n","protected":false},"author":22,"featured_media":11505,"comment_status":"open","ping_status":"closed","sticky":false,"template":"","format":"standard","meta":{"wpb_read_more":[],"footnotes":""},"categories":[600],"tags":[3,542,5120,804,830],"class_list":["post-17005","post","type-post","status-publish","format-standard","has-post-thumbnail","hentry","category-economia","tag-banco-central","tag-contas-publicas","tag-dados-fiscais","tag-divida-publica","tag-setor-publico"],"_links":{"self":[{"href":"https:\/\/blogs2.correiobraziliense.com.br\/vicente\/wp-json\/wp\/v2\/posts\/17005","targetHints":{"allow":["GET"]}}],"collection":[{"href":"https:\/\/blogs2.correiobraziliense.com.br\/vicente\/wp-json\/wp\/v2\/posts"}],"about":[{"href":"https:\/\/blogs2.correiobraziliense.com.br\/vicente\/wp-json\/wp\/v2\/types\/post"}],"author":[{"embeddable":true,"href":"https:\/\/blogs2.correiobraziliense.com.br\/vicente\/wp-json\/wp\/v2\/users\/22"}],"replies":[{"embeddable":true,"href":"https:\/\/blogs2.correiobraziliense.com.br\/vicente\/wp-json\/wp\/v2\/comments?post=17005"}],"version-history":[{"count":8,"href":"https:\/\/blogs2.correiobraziliense.com.br\/vicente\/wp-json\/wp\/v2\/posts\/17005\/revisions"}],"predecessor-version":[{"id":17013,"href":"https:\/\/blogs2.correiobraziliense.com.br\/vicente\/wp-json\/wp\/v2\/posts\/17005\/revisions\/17013"}],"wp:featuredmedia":[{"embeddable":true,"href":"https:\/\/blogs2.correiobraziliense.com.br\/vicente\/wp-json\/wp\/v2\/media\/11505"}],"wp:attachment":[{"href":"https:\/\/blogs2.correiobraziliense.com.br\/vicente\/wp-json\/wp\/v2\/media?parent=17005"}],"wp:term":[{"taxonomy":"category","embeddable":true,"href":"https:\/\/blogs2.correiobraziliense.com.br\/vicente\/wp-json\/wp\/v2\/categories?post=17005"},{"taxonomy":"post_tag","embeddable":true,"href":"https:\/\/blogs2.correiobraziliense.com.br\/vicente\/wp-json\/wp\/v2\/tags?post=17005"}],"curies":[{"name":"wp","href":"https:\/\/api.w.org\/{rel}","templated":true}]}}