{"id":17079,"date":"2021-01-11T12:15:03","date_gmt":"2021-01-11T15:15:03","guid":{"rendered":"https:\/\/blogs2.correiobraziliense.com.br\/vicente\/?p=17079"},"modified":"2021-01-11T12:18:58","modified_gmt":"2021-01-11T15:18:58","slug":"euforia-de-investidores-europeus-e-prematura-segundo-oxford-economics","status":"publish","type":"post","link":"https:\/\/blogs2.correiobraziliense.com.br\/vicente\/euforia-de-investidores-europeus-e-prematura-segundo-oxford-economics\/","title":{"rendered":"Euforia de investidores europeus \u00e9 prematura, segundo Oxford Economics"},"content":{"rendered":"<p>ROSANA HESSEL<\/p>\n<p>&nbsp;<\/p>\n<p>A pesquisa Sentix, sobre a confian\u00e7a do investidor na Zona do Euro, divulgada nesta segunda-feira (11\/01), apresentou alta acima do esperado em janeiro de 2021, o n\u00edvel mais alto desde fevereiro de 2020, puxado pelo aumento da confian\u00e7a com a vacina\u00e7\u00e3o contra a covid-19. No entanto, de acordo com a consultoria Oxford Economics, \u00e9 preciso cautela na interpreta\u00e7\u00e3o desses dados, porque essa &#8220;euforia \u00e9 prematura&#8221; e o mercado est\u00e1 ignorando que a segunda onda da pandemia e os lockdowns est\u00e3o fazendo estragos na economia da Europa e que a imuniza\u00e7\u00e3o em massa ainda vai demorar.<\/p>\n<p>&nbsp;<\/p>\n<p>&#8220;A\u00a0euforia dos investidores pode ser prematura, visto que as restri\u00e7\u00f5es atuais limitam a atividade econ\u00f4mica e a implementa\u00e7\u00e3o da vacina enfrenta alguns desafios&#8221;, alertou a consultoria brit\u00e2nica, em comunicado a investidores, no qual destacou que o processo de retomada na regi\u00e3o ainda ser\u00e1 desafiador.\u00a0&#8220;A leitura (positiva do indicador) mostrou que os investidores est\u00e3o negligenciando os danos dos bloqueios atuais e a r\u00e1pida dissemina\u00e7\u00e3o das novas variantes do novo coronav\u00edrus&#8221;, destacou.<\/p>\n<p>&nbsp;<\/p>\n<p>De acordo com a consultoria, a h\u00e1 uma &#8220;confian\u00e7a excessiva em uma estrat\u00e9gia de vacina\u00e7\u00e3o bem-sucedida pode ser prematura&#8221;. &#8220;H\u00e1 desafios log\u00edsticos e ideol\u00f3gicos em toda a zona do euro que podem atrasar o lan\u00e7amento da vacina. Levar\u00e1 algum tempo antes que a maioria da popula\u00e7\u00e3o seja vacinada e os bloqueios sejam totalmente suspensos. At\u00e9 l\u00e1, as restri\u00e7\u00f5es permanecer\u00e3o, certamente at\u00e9 o final de janeiro, com possibilidade de novas prorroga\u00e7\u00f5es&#8221;, acrescentou.<\/p>\n<p>&nbsp;<\/p>\n<p>&#8220;A perspectiva de curto prazo permanece mais negativa do que o sugerido pelo \u00edndice. As medidas de conten\u00e7\u00e3o provavelmente ser\u00e3o estendidas a toda a Zona do Euro, mas os mercados financeiros parecem estar olhando para al\u00e9m dos atuais problemas que afetam a economia real&#8221;, alertou a consultoria.<\/p>\n<p>&nbsp;<\/p>\n<p>O \u00edndice Sentix, primeiro indicador do ano, subiu 4 pontos percentuais em rela\u00e7\u00e3o a dezembro, para 1,3 ponto, atingindo o maior n\u00edvel desde fevereiro de 2020. &#8220;A forte alta foi impulsionada por um salto no componente de expectativa, atingindo seu m\u00e1ximo hist\u00f3rico de 33,5 pontos. A avalia\u00e7\u00e3o da situa\u00e7\u00e3o atual tamb\u00e9m melhorou para seu n\u00edvel mais alto desde mar\u00e7o de 2020, mas permaneceu em territ\u00f3rio negativo em 26,5 pontos&#8221;.<\/p>\n<p>&nbsp;<\/p>\n<p>&#8220;Os mercados financeiros, de acordo com a Oxford, &#8220;parecem inabalados&#8221; com as not\u00edcias das variantes mais infecciosas do coronav\u00edrus, bem como com as taxas de infec\u00e7\u00e3o continuamente altas em muitos pa\u00edses europeus, em vez disso obtendo confian\u00e7a do in\u00edcio do lan\u00e7amento de vacinas e not\u00edcias de novos est\u00edmulos por parte do Banco Central Europeu (BCE). &#8220;Os investidores parecem antecipar uma implementa\u00e7\u00e3o r\u00e1pida da estrat\u00e9gia de vacina\u00e7\u00e3o, seguida por um abrandamento substancial das medidas de lockdown&#8221;, acrescentou.<\/p>\n","protected":false},"excerpt":{"rendered":"<p>ROSANA HESSEL &nbsp; A pesquisa Sentix, sobre a confian\u00e7a do investidor na Zona do Euro, divulgada nesta segunda-feira (11\/01), apresentou alta acima do esperado em janeiro de 2021, o n\u00edvel mais alto desde fevereiro de 2020, puxado pelo aumento da confian\u00e7a com a vacina\u00e7\u00e3o contra a covid-19. No entanto, de acordo com a consultoria Oxford [&hellip;]<\/p>\n","protected":false},"author":22,"featured_media":16565,"comment_status":"open","ping_status":"closed","sticky":false,"template":"","format":"standard","meta":{"wpb_read_more":[],"footnotes":""},"categories":[600],"tags":[335,4505,4776,4510,5132],"class_list":["post-17079","post","type-post","status-publish","format-standard","has-post-thumbnail","hentry","category-economia","tag-confianca","tag-covid-19","tag-oxford-economics","tag-pandemia","tag-zona-do-euro"],"_links":{"self":[{"href":"https:\/\/blogs2.correiobraziliense.com.br\/vicente\/wp-json\/wp\/v2\/posts\/17079","targetHints":{"allow":["GET"]}}],"collection":[{"href":"https:\/\/blogs2.correiobraziliense.com.br\/vicente\/wp-json\/wp\/v2\/posts"}],"about":[{"href":"https:\/\/blogs2.correiobraziliense.com.br\/vicente\/wp-json\/wp\/v2\/types\/post"}],"author":[{"embeddable":true,"href":"https:\/\/blogs2.correiobraziliense.com.br\/vicente\/wp-json\/wp\/v2\/users\/22"}],"replies":[{"embeddable":true,"href":"https:\/\/blogs2.correiobraziliense.com.br\/vicente\/wp-json\/wp\/v2\/comments?post=17079"}],"version-history":[{"count":5,"href":"https:\/\/blogs2.correiobraziliense.com.br\/vicente\/wp-json\/wp\/v2\/posts\/17079\/revisions"}],"predecessor-version":[{"id":17084,"href":"https:\/\/blogs2.correiobraziliense.com.br\/vicente\/wp-json\/wp\/v2\/posts\/17079\/revisions\/17084"}],"wp:featuredmedia":[{"embeddable":true,"href":"https:\/\/blogs2.correiobraziliense.com.br\/vicente\/wp-json\/wp\/v2\/media\/16565"}],"wp:attachment":[{"href":"https:\/\/blogs2.correiobraziliense.com.br\/vicente\/wp-json\/wp\/v2\/media?parent=17079"}],"wp:term":[{"taxonomy":"category","embeddable":true,"href":"https:\/\/blogs2.correiobraziliense.com.br\/vicente\/wp-json\/wp\/v2\/categories?post=17079"},{"taxonomy":"post_tag","embeddable":true,"href":"https:\/\/blogs2.correiobraziliense.com.br\/vicente\/wp-json\/wp\/v2\/tags?post=17079"}],"curies":[{"name":"wp","href":"https:\/\/api.w.org\/{rel}","templated":true}]}}