{"id":17093,"date":"2021-01-11T16:57:43","date_gmt":"2021-01-11T19:57:43","guid":{"rendered":"https:\/\/blogs2.correiobraziliense.com.br\/vicente\/?p=17093"},"modified":"2021-01-11T17:28:06","modified_gmt":"2021-01-11T20:28:06","slug":"para-bolsonaro-rodrigo-maia-sera-aniquilado-quando-sair-da-presidencia-da-camara","status":"publish","type":"post","link":"https:\/\/blogs2.correiobraziliense.com.br\/vicente\/para-bolsonaro-rodrigo-maia-sera-aniquilado-quando-sair-da-presidencia-da-camara\/","title":{"rendered":"Para Bolsonaro, Rodrigo Maia ser\u00e1 aniquilado quando sair da presid\u00eancia da C\u00e2mara"},"content":{"rendered":"<h2>Ningu\u00e9m causa mais horror neste momento ao presidente Jair Bolsonaro do que o presidente da C\u00e2mara, Rodrigo Maia. Mas, para o chefe do Executivo, o &#8220;estrelismo&#8221; de Maia est\u00e1 com os dias contados, acabar\u00e1 quando ele deixar de ser presidente da C\u00e2mara dos Deputados, em 1\u00ba de fevereiro.<\/h2>\n<p>&nbsp;<\/p>\n<p>A auxiliares, Bolsonaro avalia que, sem poder e sem nada a oferecer aos deputados, Maia ser\u00e1 &#8220;aniquilado&#8221;, perder\u00e1 relev\u00e2ncia no debate pol\u00edtico. Em compensa\u00e7\u00e3o, a caneta Bic do presidente estar\u00e1 cheia de tinta para oferecer agrados aos parlamentares, mesmo que Baleia Rossi seja o vencedor na disputa pelo comando da C\u00e2mara.<\/p>\n<p>&nbsp;<\/p>\n<p>Bolsonaro acredita que Maia, que j\u00e1 o chamou de &#8220;mentiroso&#8221; e &#8220;covarde&#8221;, mergulhou no desespero, pois descer\u00e1 do pedestal. A ala ideol\u00f3gica do governo, por sinal, n\u00e3o faz outra coisa a n\u00e3o ser contar os dias para Maia voltar a ser um simples deputado. &#8220;Esse j\u00e1 vai tarde&#8221;, diz um integrante do governo.<\/p>\n<p>&nbsp;<\/p>\n<p>Apesar de prever o &#8220;aniquilamento&#8221; de Maia, Bolsonaro sabe que n\u00e3o poder\u00e1 tirar o deputado de seu radar de preocupa\u00e7\u00f5es. Afinal, o ainda presidente da C\u00e2mara dos Deputados construiu \u00f3timas rela\u00e7\u00f5es e vai trabalhar pesado nos bastidores para tentar construir uma candidatura de centro a fim de peitar a reelei\u00e7\u00e3o de Bolsonaro.<\/p>\n<p>&nbsp;<\/p>\n<p><em>Bras\u00edlia, 16h57min<\/em><\/p>\n","protected":false},"excerpt":{"rendered":"<p>Ningu\u00e9m causa mais horror neste momento ao presidente Jair Bolsonaro do que o presidente da C\u00e2mara, Rodrigo Maia. Mas, para o chefe do Executivo, o &#8220;estrelismo&#8221; de Maia est\u00e1 com os dias contados, acabar\u00e1 quando ele deixar de ser presidente da C\u00e2mara dos Deputados, em 1\u00ba de fevereiro. &nbsp; A auxiliares, Bolsonaro avalia que, sem [&hellip;]<\/p>\n","protected":false},"author":22,"featured_media":17094,"comment_status":"open","ping_status":"closed","sticky":false,"template":"","format":"standard","meta":{"wpb_read_more":[],"footnotes":""},"categories":[600],"tags":[5136,926,5137,5135,5134,2526,2787],"class_list":["post-17093","post","type-post","status-publish","format-standard","has-post-thumbnail","hentry","category-economia","tag-acabara-quando-ele-deixar-de-ser-presidente-da-camara-dos-deputados","tag-brasilia","tag-em-1o-de-fevereiro","tag-o-estrelismo-de-maia-esta-com-os-dias-contados","tag-para-o-chefe-do-executivo","tag-poder","tag-politica"],"_links":{"self":[{"href":"https:\/\/blogs2.correiobraziliense.com.br\/vicente\/wp-json\/wp\/v2\/posts\/17093","targetHints":{"allow":["GET"]}}],"collection":[{"href":"https:\/\/blogs2.correiobraziliense.com.br\/vicente\/wp-json\/wp\/v2\/posts"}],"about":[{"href":"https:\/\/blogs2.correiobraziliense.com.br\/vicente\/wp-json\/wp\/v2\/types\/post"}],"author":[{"embeddable":true,"href":"https:\/\/blogs2.correiobraziliense.com.br\/vicente\/wp-json\/wp\/v2\/users\/22"}],"replies":[{"embeddable":true,"href":"https:\/\/blogs2.correiobraziliense.com.br\/vicente\/wp-json\/wp\/v2\/comments?post=17093"}],"version-history":[{"count":1,"href":"https:\/\/blogs2.correiobraziliense.com.br\/vicente\/wp-json\/wp\/v2\/posts\/17093\/revisions"}],"predecessor-version":[{"id":17095,"href":"https:\/\/blogs2.correiobraziliense.com.br\/vicente\/wp-json\/wp\/v2\/posts\/17093\/revisions\/17095"}],"wp:featuredmedia":[{"embeddable":true,"href":"https:\/\/blogs2.correiobraziliense.com.br\/vicente\/wp-json\/wp\/v2\/media\/17094"}],"wp:attachment":[{"href":"https:\/\/blogs2.correiobraziliense.com.br\/vicente\/wp-json\/wp\/v2\/media?parent=17093"}],"wp:term":[{"taxonomy":"category","embeddable":true,"href":"https:\/\/blogs2.correiobraziliense.com.br\/vicente\/wp-json\/wp\/v2\/categories?post=17093"},{"taxonomy":"post_tag","embeddable":true,"href":"https:\/\/blogs2.correiobraziliense.com.br\/vicente\/wp-json\/wp\/v2\/tags?post=17093"}],"curies":[{"name":"wp","href":"https:\/\/api.w.org\/{rel}","templated":true}]}}