{"id":1710,"date":"2016-06-28T10:06:28","date_gmt":"2016-06-28T13:06:28","guid":{"rendered":"https:\/\/blogs2.correiobraziliense.com.br\/vicente\/?p=1710"},"modified":"2016-07-08T10:08:10","modified_gmt":"2016-07-08T13:08:10","slug":"dificuldade-fiscal","status":"publish","type":"post","link":"https:\/\/blogs2.correiobraziliense.com.br\/vicente\/dificuldade-fiscal\/","title":{"rendered":"Dificuldade fiscal"},"content":{"rendered":"<p>POR PAULO SILVA PINTO<\/p>\n<p>&nbsp;<\/p>\n<p>Est\u00e1 bem longe o momento em que o governo poder\u00e1 comemorar o sucesso da pol\u00edtica fiscal, alerta o Banco Central no Relat\u00f3rio de Infla\u00e7\u00e3o\u00a0que acaba de ser publicado. &#8220;A revers\u00e3o do deficit fiscal, no m\u00e9dio prazo, est\u00e1 condicionada pela ado\u00e7\u00e3o de medidas de ajuste que contribuam para o reequil\u00edbrio entre receitas e despesas, e para a recupera\u00e7\u00e3o da confian\u00e7a dos agentes econ\u00f4micos sobre a trajet\u00f3ria da \u00a0atividade econ\u00f4mica&#8221;, diz o texto no sum\u00e1rio executivo. Ou seja, vem corte de gastos ou aumento de impostos em breve. Ou, mais provavelmente, as duas coisas.<\/p>\n","protected":false},"excerpt":{"rendered":"<p>POR PAULO SILVA PINTO &nbsp; Est\u00e1 bem longe o momento em que o governo poder\u00e1 comemorar o sucesso da pol\u00edtica fiscal, alerta o Banco Central no Relat\u00f3rio de Infla\u00e7\u00e3o\u00a0que acaba de ser publicado. &#8220;A revers\u00e3o do deficit fiscal, no m\u00e9dio prazo, est\u00e1 condicionada pela ado\u00e7\u00e3o de medidas de ajuste que contribuam para o reequil\u00edbrio entre [&hellip;]<\/p>\n","protected":false},"author":22,"featured_media":0,"comment_status":"open","ping_status":"closed","sticky":false,"template":"","format":"standard","meta":{"wpb_read_more":[],"footnotes":""},"categories":[600,1],"tags":[],"class_list":["post-1710","post","type-post","status-publish","format-standard","hentry","category-economia","category-sem-categoria"],"_links":{"self":[{"href":"https:\/\/blogs2.correiobraziliense.com.br\/vicente\/wp-json\/wp\/v2\/posts\/1710","targetHints":{"allow":["GET"]}}],"collection":[{"href":"https:\/\/blogs2.correiobraziliense.com.br\/vicente\/wp-json\/wp\/v2\/posts"}],"about":[{"href":"https:\/\/blogs2.correiobraziliense.com.br\/vicente\/wp-json\/wp\/v2\/types\/post"}],"author":[{"embeddable":true,"href":"https:\/\/blogs2.correiobraziliense.com.br\/vicente\/wp-json\/wp\/v2\/users\/22"}],"replies":[{"embeddable":true,"href":"https:\/\/blogs2.correiobraziliense.com.br\/vicente\/wp-json\/wp\/v2\/comments?post=1710"}],"version-history":[{"count":5,"href":"https:\/\/blogs2.correiobraziliense.com.br\/vicente\/wp-json\/wp\/v2\/posts\/1710\/revisions"}],"predecessor-version":[{"id":1715,"href":"https:\/\/blogs2.correiobraziliense.com.br\/vicente\/wp-json\/wp\/v2\/posts\/1710\/revisions\/1715"}],"wp:attachment":[{"href":"https:\/\/blogs2.correiobraziliense.com.br\/vicente\/wp-json\/wp\/v2\/media?parent=1710"}],"wp:term":[{"taxonomy":"category","embeddable":true,"href":"https:\/\/blogs2.correiobraziliense.com.br\/vicente\/wp-json\/wp\/v2\/categories?post=1710"},{"taxonomy":"post_tag","embeddable":true,"href":"https:\/\/blogs2.correiobraziliense.com.br\/vicente\/wp-json\/wp\/v2\/tags?post=1710"}],"curies":[{"name":"wp","href":"https:\/\/api.w.org\/{rel}","templated":true}]}}