{"id":17178,"date":"2021-01-14T15:10:35","date_gmt":"2021-01-14T18:10:35","guid":{"rendered":"https:\/\/blogs2.correiobraziliense.com.br\/vicente\/?p=17178"},"modified":"2021-01-14T15:20:32","modified_gmt":"2021-01-14T18:20:32","slug":"pazuello-convoca-reuniao-de-emergencia-apos-oxigenio-acabar-em-hospitais-de-manaus","status":"publish","type":"post","link":"https:\/\/blogs2.correiobraziliense.com.br\/vicente\/pazuello-convoca-reuniao-de-emergencia-apos-oxigenio-acabar-em-hospitais-de-manaus\/","title":{"rendered":"Pazuello convoca reuni\u00e3o de emerg\u00eancia ap\u00f3s oxig\u00eanio acabar em hospitais de Manaus"},"content":{"rendered":"<p>RENATO SOUZA<\/p>\n<p>&nbsp;<\/p>\n<p>O Minist\u00e9rio da Sa\u00fade realiza uma reuni\u00e3o de emerg\u00eancia, na tarde desta quinta-feira (14\/01), para tratar da falta de oxig\u00eanio em Manaus, que tornou ainda mais ca\u00f3tica a situa\u00e7\u00e3o na cidade.<\/p>\n<p>&nbsp;<\/p>\n<p>O n\u00famero de pacientes internados com covid-19 explodiu na capital do Amazonas e os estoques do g\u00e1s zeraram nos grandes hospitais. A Fiocruz aponta que a situa\u00e7\u00e3o \u00e9 grave e diz que os leitos de UTI se tornaram verdadeiras\u00a0&#8220;c\u00e2maras de asfixia&#8221;.<\/p>\n<p>&nbsp;<\/p>\n<p>De acordo com fontes ligadas ao governo, Pazuello tenta encontrar uma sa\u00edda para amenizar o problema. Uma das possibilidades avaliadas \u00e9 convocar ajuda em larga escala das For\u00e7as Armadas para transportar oxig\u00eanio de outros estados para Manaus ou at\u00e9 mesmo ampliar a transfer\u00eancia de pacientes da capital amazonense para hospitais em outras regi\u00f5es.<\/p>\n<p>&nbsp;<\/p>\n<p>Mesmo nas unidades de sa\u00fade da rede privada, a situa\u00e7\u00e3o \u00e9 grave.\u00a0De acordo com dados da Secretaria de Sa\u00fade do Amazonas, o estado j\u00e1 tem mais de 5,8 mil \u00f3bitos confirmados pela covid-19 e 218 mil casos registrados.<\/p>\n<p>&nbsp;<\/p>\n<p><strong>Crise no governo<\/strong><\/p>\n<p>&nbsp;<\/p>\n<p>A avalia\u00e7\u00e3o por interlocutores do Pal\u00e1cio do Planalto \u00e9 a de que o ministro Eduardo Pazuello \u00e9 um desastre na gest\u00e3o da sa\u00fade. Al\u00e9m de permitir que os hospitais de Manaus ficassem sem estoques de oxig\u00eanio, sem reposi\u00e7\u00e3o, ele tamb\u00e9m teria repassado dados errados sobre o estoque de seringas e agulhas nos estados para o Supremo Tribunal Federal (STF).<\/p>\n<p>&nbsp;<\/p>\n<p>A vis\u00e3o \u00e9 de que, na \u00e2nsia de cumprir o prazo dado pelo ministro Ricardo Lewandowski, Pazuello colheu dados incompletos,\u00a0o que fez com que o material guardado nas unidades da federa\u00e7\u00e3o aparentasse ser ainda menor. No governo, cresce o rumor de que ele poder\u00e1 ser demitido pelo presidente Jair Bolsonaro caso a situa\u00e7\u00e3o n\u00e3o seja contornada nas pr\u00f3ximas horas.<\/p>\n<p>&nbsp;<\/p>\n<p><em>Bras\u00edlia, 15h10min<\/em><\/p>\n","protected":false},"excerpt":{"rendered":"<p>RENATO SOUZA &nbsp; O Minist\u00e9rio da Sa\u00fade realiza uma reuni\u00e3o de emerg\u00eancia, na tarde desta quinta-feira (14\/01), para tratar da falta de oxig\u00eanio em Manaus, que tornou ainda mais ca\u00f3tica a situa\u00e7\u00e3o na cidade. &nbsp; O n\u00famero de pacientes internados com covid-19 explodiu na capital do Amazonas e os estoques do g\u00e1s zeraram nos grandes [&hellip;]<\/p>\n","protected":false},"author":22,"featured_media":14783,"comment_status":"open","ping_status":"closed","sticky":false,"template":"","format":"standard","meta":{"wpb_read_more":[],"footnotes":""},"categories":[600],"tags":[5147,2526,2787,579],"class_list":["post-17178","post","type-post","status-publish","format-standard","has-post-thumbnail","hentry","category-economia","tag-pazuello-convoca-reuniao-de-emergencia-apos-oxigenio-acabar-em-hospitais-de-manaus","tag-poder","tag-politica","tag-saude"],"_links":{"self":[{"href":"https:\/\/blogs2.correiobraziliense.com.br\/vicente\/wp-json\/wp\/v2\/posts\/17178","targetHints":{"allow":["GET"]}}],"collection":[{"href":"https:\/\/blogs2.correiobraziliense.com.br\/vicente\/wp-json\/wp\/v2\/posts"}],"about":[{"href":"https:\/\/blogs2.correiobraziliense.com.br\/vicente\/wp-json\/wp\/v2\/types\/post"}],"author":[{"embeddable":true,"href":"https:\/\/blogs2.correiobraziliense.com.br\/vicente\/wp-json\/wp\/v2\/users\/22"}],"replies":[{"embeddable":true,"href":"https:\/\/blogs2.correiobraziliense.com.br\/vicente\/wp-json\/wp\/v2\/comments?post=17178"}],"version-history":[{"count":3,"href":"https:\/\/blogs2.correiobraziliense.com.br\/vicente\/wp-json\/wp\/v2\/posts\/17178\/revisions"}],"predecessor-version":[{"id":17181,"href":"https:\/\/blogs2.correiobraziliense.com.br\/vicente\/wp-json\/wp\/v2\/posts\/17178\/revisions\/17181"}],"wp:featuredmedia":[{"embeddable":true,"href":"https:\/\/blogs2.correiobraziliense.com.br\/vicente\/wp-json\/wp\/v2\/media\/14783"}],"wp:attachment":[{"href":"https:\/\/blogs2.correiobraziliense.com.br\/vicente\/wp-json\/wp\/v2\/media?parent=17178"}],"wp:term":[{"taxonomy":"category","embeddable":true,"href":"https:\/\/blogs2.correiobraziliense.com.br\/vicente\/wp-json\/wp\/v2\/categories?post=17178"},{"taxonomy":"post_tag","embeddable":true,"href":"https:\/\/blogs2.correiobraziliense.com.br\/vicente\/wp-json\/wp\/v2\/tags?post=17178"}],"curies":[{"name":"wp","href":"https:\/\/api.w.org\/{rel}","templated":true}]}}