{"id":172,"date":"2015-08-24T12:50:00","date_gmt":"2015-08-24T15:50:00","guid":{"rendered":"https:\/\/blogs2.correiobraziliense.com.br\/vicente\/governo_acende_sinal_de_alerta\/"},"modified":"2015-08-24T12:50:00","modified_gmt":"2015-08-24T15:50:00","slug":"governo_acende_sinal_de_alerta","status":"publish","type":"post","link":"https:\/\/blogs2.correiobraziliense.com.br\/vicente\/governo_acende_sinal_de_alerta\/","title":{"rendered":"GOVERNO ACENDE SINAL DE ALERTA"},"content":{"rendered":"\n<p>T\u00e9cnicos da equipe econ\u00f4mica acenderam o sinal de alerta diante da onda de preju\u00edzos que se espalhou pelo mundo hoje, depois do tombo de 8,49% na Bolsa de Xangai. H\u00e1 o temor de que uma nova crise global, agora puxada por um poss\u00edvel pouso for\u00e7ado da segunda economia do planeta, possa aprofundar ainda mais o processo recessivo do Brasil. <\/p>\n<p>O clima dentro do governo \u00e9 p\u00e9ssimo. Todos j\u00e1 d\u00e3o como perdidos os dois primeiros anos do segundo mandato de Dilma Rousseff. A ordem, por\u00e9m, n\u00e3o \u00e9 assumir isso publicamente, apesar das fortes evid\u00eancias. Ningu\u00e9m descarta, por exemplo, a possibilidade de o Produto Interno Bruto (PIB) deste ano cair mais que 3% em caso de agravamento da crise global. <\/p>\n<p>Diante do clima de p\u00e2nico, o governo tratou hoje de criar um fato positivo. Anunciou a redu\u00e7\u00e3o dos minist\u00e9rios, de 39 para 29. Chamou a aten\u00e7\u00e3o, por\u00e9m, o fato de n\u00e3o se ter nenhuma estimativa de economia com a medida, anunciada pelo ministro do Planejamento, Nelson Barbosa. Teme-se que seja mais um dos fact\u00f3ides do governo. <\/p>\n<p>Na reuni\u00e3o do Conselho de Pol\u00edtica hoje pela manh\u00e3, a presidente Dilma Rousseff, admitiu que a desconfian\u00e7a prevalecer\u00e1. Por isso, pediu pressa ao Planejamento para que mostre que, desta vez, o governo n\u00e3o est\u00e1 mentindo. Dado o hist\u00f3rico de Dilma, \u00e9 dif\u00edcil acreditar em qualquer coisa que venha do Pal\u00e1cio do Planalto.  <\/p>\n<p><i>Bras\u00edlia, 12h50min<\/i>   <\/p>\n","protected":false},"excerpt":{"rendered":"<p>T\u00e9cnicos da equipe econ\u00f4mica acenderam o sinal de alerta diante da onda de preju\u00edzos que se espalhou pelo mundo hoje, depois do tombo de 8,49% na Bolsa de Xangai. H\u00e1 o temor de que uma nova crise global, agora puxada por um poss\u00edvel pouso for\u00e7ado da segunda economia do planeta, possa aprofundar ainda mais o [&hellip;]<\/p>\n","protected":false},"author":22,"featured_media":0,"comment_status":"open","ping_status":"open","sticky":false,"template":"","format":"standard","meta":{"wpb_read_more":[],"footnotes":""},"categories":[1],"tags":[],"class_list":["post-172","post","type-post","status-publish","format-standard","hentry","category-sem-categoria"],"_links":{"self":[{"href":"https:\/\/blogs2.correiobraziliense.com.br\/vicente\/wp-json\/wp\/v2\/posts\/172","targetHints":{"allow":["GET"]}}],"collection":[{"href":"https:\/\/blogs2.correiobraziliense.com.br\/vicente\/wp-json\/wp\/v2\/posts"}],"about":[{"href":"https:\/\/blogs2.correiobraziliense.com.br\/vicente\/wp-json\/wp\/v2\/types\/post"}],"author":[{"embeddable":true,"href":"https:\/\/blogs2.correiobraziliense.com.br\/vicente\/wp-json\/wp\/v2\/users\/22"}],"replies":[{"embeddable":true,"href":"https:\/\/blogs2.correiobraziliense.com.br\/vicente\/wp-json\/wp\/v2\/comments?post=172"}],"version-history":[{"count":0,"href":"https:\/\/blogs2.correiobraziliense.com.br\/vicente\/wp-json\/wp\/v2\/posts\/172\/revisions"}],"wp:attachment":[{"href":"https:\/\/blogs2.correiobraziliense.com.br\/vicente\/wp-json\/wp\/v2\/media?parent=172"}],"wp:term":[{"taxonomy":"category","embeddable":true,"href":"https:\/\/blogs2.correiobraziliense.com.br\/vicente\/wp-json\/wp\/v2\/categories?post=172"},{"taxonomy":"post_tag","embeddable":true,"href":"https:\/\/blogs2.correiobraziliense.com.br\/vicente\/wp-json\/wp\/v2\/tags?post=172"}],"curies":[{"name":"wp","href":"https:\/\/api.w.org\/{rel}","templated":true}]}}