{"id":1722,"date":"2016-06-28T17:04:11","date_gmt":"2016-06-28T20:04:11","guid":{"rendered":"https:\/\/blogs2.correiobraziliense.com.br\/vicente\/?p=1722"},"modified":"2016-07-08T10:08:02","modified_gmt":"2016-07-08T13:08:02","slug":"agora-esta-explicado-o-subito-amor-de-delfim-netto-por-lula-e-dilma-propina-de-r-15-milhoes","status":"publish","type":"post","link":"https:\/\/blogs2.correiobraziliense.com.br\/vicente\/agora-esta-explicado-o-subito-amor-de-delfim-netto-por-lula-e-dilma-propina-de-r-15-milhoes\/","title":{"rendered":"Agora est\u00e1 explicado o s\u00fabito amor de Delfim Netto por Lula e Dilma: propina de R$ 15 milh\u00f5es"},"content":{"rendered":"<p>Muita gente sempre estranhou a grande proximidade do ex-ministro da Fazenda no per\u00edodo da ditadura Delfim Netto com os petistas Lula e Dilma Rousseff. Os mais desconfiados sempre se perguntavam como pessoas de ideologias t\u00e3o diferentes se tornaram t\u00e3o amigas da noite para o dia, um tecendo loas sobre o outro. Pois a resposta para tantas indaga\u00e7\u00f5es apareceu: a liga\u00e7\u00e3o se dava por meio de propinas, sendo apenas R$ 15 milh\u00f5es oriundos da constru\u00e7\u00e3o da Usina de Belo Monte.<\/p>\n<p>&nbsp;<\/p>\n<p>Segundo Fl\u00e1vio David Barra, da construtora Andrade Gutierrez e um dos principais respons\u00e1veis pela constru\u00e7\u00e3o de Belo Monte, Delfim recebeu os R$ 15 milh\u00f5es em propinas por meio de contratos fict\u00edcios. Ele confirmou os pagamentos \u00e0 Procuradoria Geral da Rep\u00fablica em processo de dela\u00e7\u00e3o premiada. Os pedidos em favor de Delfim foram feitos ao presidente afastado da Andrade Gutierrez, Ot\u00e1vio Marques Azevedo, por meio do petista Antonio Palocci, tamb\u00e9m ex-ministro da Fazenda.<\/p>\n<p>&nbsp;<\/p>\n<p>Os repasses a Delfim Netto eram feitos por meio de transfer\u00eancias a partir de contratos fict\u00edcios, \u00e0 LS, empresa de consultoria de Luiz Apol\u00f4nio, representante do ex-ministro, e \u00e0 Aspen, empresa de consultoria do economista. Tanto Delfim quanto Palocci negam as den\u00fancias.<\/p>\n<p><em>Bras\u00edlia, 17h04min<\/em><\/p>\n","protected":false},"excerpt":{"rendered":"<p>Muita gente sempre estranhou a grande proximidade do ex-ministro da Fazenda no per\u00edodo da ditadura Delfim Netto com os petistas Lula e Dilma Rousseff. Os mais desconfiados sempre se perguntavam como pessoas de ideologias t\u00e3o diferentes se tornaram t\u00e3o amigas da noite para o dia, um tecendo loas sobre o outro. Pois a resposta para [&hellip;]<\/p>\n","protected":false},"author":22,"featured_media":0,"comment_status":"open","ping_status":"closed","sticky":false,"template":"","format":"standard","meta":{"wpb_read_more":[],"footnotes":""},"categories":[600,1],"tags":[479,481,477,11,23,478,480],"class_list":["post-1722","post","type-post","status-publish","format-standard","hentry","category-economia","category-sem-categoria","tag-antonio-palocci","tag-belo-monte","tag-delfim-netto","tag-dilma-rousseff","tag-lula","tag-propina","tag-r-15-milhoes"],"_links":{"self":[{"href":"https:\/\/blogs2.correiobraziliense.com.br\/vicente\/wp-json\/wp\/v2\/posts\/1722","targetHints":{"allow":["GET"]}}],"collection":[{"href":"https:\/\/blogs2.correiobraziliense.com.br\/vicente\/wp-json\/wp\/v2\/posts"}],"about":[{"href":"https:\/\/blogs2.correiobraziliense.com.br\/vicente\/wp-json\/wp\/v2\/types\/post"}],"author":[{"embeddable":true,"href":"https:\/\/blogs2.correiobraziliense.com.br\/vicente\/wp-json\/wp\/v2\/users\/22"}],"replies":[{"embeddable":true,"href":"https:\/\/blogs2.correiobraziliense.com.br\/vicente\/wp-json\/wp\/v2\/comments?post=1722"}],"version-history":[{"count":1,"href":"https:\/\/blogs2.correiobraziliense.com.br\/vicente\/wp-json\/wp\/v2\/posts\/1722\/revisions"}],"predecessor-version":[{"id":1723,"href":"https:\/\/blogs2.correiobraziliense.com.br\/vicente\/wp-json\/wp\/v2\/posts\/1722\/revisions\/1723"}],"wp:attachment":[{"href":"https:\/\/blogs2.correiobraziliense.com.br\/vicente\/wp-json\/wp\/v2\/media?parent=1722"}],"wp:term":[{"taxonomy":"category","embeddable":true,"href":"https:\/\/blogs2.correiobraziliense.com.br\/vicente\/wp-json\/wp\/v2\/categories?post=1722"},{"taxonomy":"post_tag","embeddable":true,"href":"https:\/\/blogs2.correiobraziliense.com.br\/vicente\/wp-json\/wp\/v2\/tags?post=1722"}],"curies":[{"name":"wp","href":"https:\/\/api.w.org\/{rel}","templated":true}]}}