{"id":17230,"date":"2021-01-19T17:58:09","date_gmt":"2021-01-19T20:58:09","guid":{"rendered":"https:\/\/blogs2.correiobraziliense.com.br\/vicente\/?p=17230"},"modified":"2021-01-19T18:29:30","modified_gmt":"2021-01-19T21:29:30","slug":"a-fatura-do-negacionismo-e-do-radicalismo-chegou-brasil-pode-ficar-sem-vacina-e-mais-gente-vai-morrer","status":"publish","type":"post","link":"https:\/\/blogs2.correiobraziliense.com.br\/vicente\/a-fatura-do-negacionismo-e-do-radicalismo-chegou-brasil-pode-ficar-sem-vacina-e-mais-gente-vai-morrer\/","title":{"rendered":"A fatura do negacionismo e do radicalismo chegou: Brasil pode ficar sem vacina e mais gente vai morrer"},"content":{"rendered":"<h2>Foram muitos os avisos, de todas as vertentes pol\u00edticas, mas o presidente Jair Bolsonaro sempre bateu no peito e manteve firme a sua estrat\u00e9gia destrutiva para o pa\u00eds. Agora, a fatura chegou. Por todos os erros que o governo cometeu, o Brasil pode ficar sem vacina e mais gente mais morrer por causa da covid-19.<\/h2>\n<p>&nbsp;<\/p>\n<p>Com seu negacionismo extremista, Bolsonaro nunca reconheceu a gravidade da pandemia do novo coronav\u00edrus. Desde o primeiro momento, desdenhou da ci\u00eancia e desqualificou todos os estudos no sentido de combater a covid-19 e estancar as mortes no pa\u00eds \u2014 s\u00e3o mais de 210 mil vidas perdidas no pa\u00eds.<\/p>\n<p>&nbsp;<\/p>\n<p>Quando se falou da possibilidade de o pa\u00eds desenvolver uma vacina, o presidente colocou a sua manada de seguidores para massacrar a proposta do Instituto Butantan de desenvolver um imunizante em parceria com a chinesa Sinovac.<\/p>\n<p>&nbsp;<\/p>\n<p>Fez o que pode para difundir a ideia de que nenhuma vacina era confi\u00e1vel, sobretudo, a CoronaVac, simplesmente porque o Butantan \u00e9 ligado ao governo de S\u00e3o Paulo, comandado por seu inimigo pol\u00edtico, Jo\u00e3o Doria.<\/p>\n<p>&nbsp;<\/p>\n<p>Mais: atacou o quanto pode a China, que, na vis\u00e3o de Bolsonaro, &#8220;criou o novo coronav\u00edrus para controlar o mundo&#8221;. Seus filhos e apoiadores, incluindo o ministro de Rela\u00e7\u00f5es Exteriores, Ernesto Ara\u00fajo, dinamitaram todas as pontes diplom\u00e1ticas com os chineses.<\/p>\n<p>&nbsp;<\/p>\n<p>Bolsonaro acreditou que, ao comprar toneladas de cloroquina da \u00cdndia, tinha constru\u00eddo uma rela\u00e7\u00e3o profunda com aquele pa\u00eds. Mas se esqueceu de que parceria \u00e9 tudo, e jogou contra os indianos na Organiza\u00e7\u00e3o Mundial do Com\u00e9rcio (OMC). A \u00cdndia defende a quebra de patentes de medicamentos para combater a covid-19. Mas o Brasil ficou do lado dos pa\u00edses desenvolvidos, contr\u00e1rios \u00e0 proposta.<\/p>\n<p>&nbsp;<\/p>\n<p>Agora, o Brasil n\u00e3o consegue trazer vacinas da \u00cdndia nem insumos (Ingrediente Farmac\u00eautico Ativo, IFA) da China. O pa\u00eds perdeu a capacidade do di\u00e1logo. De que adiantar\u00e1 a vacina\u00e7\u00e3o que come\u00e7ou agora, com quase 6 milh\u00f5es de doses da CoronaVac, se n\u00e3o h\u00e1 perspectivas de chegada de mais imunizantes e de produ\u00e7\u00e3o por aqui?<\/p>\n<p>&nbsp;<\/p>\n<p>O presidente da Rep\u00fablica nunca pensou em salvar vidas. Para ele, s\u00f3 h\u00e1 um objetivo: manter-se no poder e transformar o Brasil em um pa\u00eds dominado por racistas, mis\u00f3ginos, homof\u00f3bicos e, acima de tudo, armados. Um pa\u00eds de milicianos.<\/p>\n<p>&nbsp;<\/p>\n<p>N\u00e3o acreditem em mudan\u00e7a do presidente at\u00e9 2022, quando ele tentar\u00e1 a reelei\u00e7\u00e3o. Bolsonaro \u00e9 o que h\u00e1 de pior em termos de ser humano. Triste ver que milh\u00f5es de pessoas ainda acreditam em uma pessoa que s\u00f3 est\u00e1 preocupado com seus pr\u00f3prios interesses.<\/p>\n<p>&nbsp;<\/p>\n<p><em>Bras\u00edlia, 17h58min<\/em><\/p>\n","protected":false},"excerpt":{"rendered":"<p>Foram muitos os avisos, de todas as vertentes pol\u00edticas, mas o presidente Jair Bolsonaro sempre bateu no peito e manteve firme a sua estrat\u00e9gia destrutiva para o pa\u00eds. Agora, a fatura chegou. Por todos os erros que o governo cometeu, o Brasil pode ficar sem vacina e mais gente mais morrer por causa da covid-19. [&hellip;]<\/p>\n","protected":false},"author":22,"featured_media":13808,"comment_status":"open","ping_status":"closed","sticky":false,"template":"","format":"standard","meta":{"wpb_read_more":[],"footnotes":""},"categories":[600],"tags":[5159,926,2526,2787,579],"class_list":["post-17230","post","type-post","status-publish","format-standard","has-post-thumbnail","hentry","category-economia","tag-a-fatura-do-negacionismo-e-do-radicalismo-chegou-brasil-pode-ficar-sem-vacina-e-mais-gente-vai-morrer","tag-brasilia","tag-poder","tag-politica","tag-saude"],"_links":{"self":[{"href":"https:\/\/blogs2.correiobraziliense.com.br\/vicente\/wp-json\/wp\/v2\/posts\/17230","targetHints":{"allow":["GET"]}}],"collection":[{"href":"https:\/\/blogs2.correiobraziliense.com.br\/vicente\/wp-json\/wp\/v2\/posts"}],"about":[{"href":"https:\/\/blogs2.correiobraziliense.com.br\/vicente\/wp-json\/wp\/v2\/types\/post"}],"author":[{"embeddable":true,"href":"https:\/\/blogs2.correiobraziliense.com.br\/vicente\/wp-json\/wp\/v2\/users\/22"}],"replies":[{"embeddable":true,"href":"https:\/\/blogs2.correiobraziliense.com.br\/vicente\/wp-json\/wp\/v2\/comments?post=17230"}],"version-history":[{"count":1,"href":"https:\/\/blogs2.correiobraziliense.com.br\/vicente\/wp-json\/wp\/v2\/posts\/17230\/revisions"}],"predecessor-version":[{"id":17231,"href":"https:\/\/blogs2.correiobraziliense.com.br\/vicente\/wp-json\/wp\/v2\/posts\/17230\/revisions\/17231"}],"wp:featuredmedia":[{"embeddable":true,"href":"https:\/\/blogs2.correiobraziliense.com.br\/vicente\/wp-json\/wp\/v2\/media\/13808"}],"wp:attachment":[{"href":"https:\/\/blogs2.correiobraziliense.com.br\/vicente\/wp-json\/wp\/v2\/media?parent=17230"}],"wp:term":[{"taxonomy":"category","embeddable":true,"href":"https:\/\/blogs2.correiobraziliense.com.br\/vicente\/wp-json\/wp\/v2\/categories?post=17230"},{"taxonomy":"post_tag","embeddable":true,"href":"https:\/\/blogs2.correiobraziliense.com.br\/vicente\/wp-json\/wp\/v2\/tags?post=17230"}],"curies":[{"name":"wp","href":"https:\/\/api.w.org\/{rel}","templated":true}]}}