{"id":1724,"date":"2016-06-28T11:20:00","date_gmt":"2016-06-28T14:20:00","guid":{"rendered":"https:\/\/blogs2.correiobraziliense.com.br\/vicente\/?p=1724"},"modified":"2016-07-08T10:08:08","modified_gmt":"2016-07-08T13:08:08","slug":"energia-da-alivio-inflacao","status":"publish","type":"post","link":"https:\/\/blogs2.correiobraziliense.com.br\/vicente\/energia-da-alivio-inflacao\/","title":{"rendered":"Energia d\u00e1 al\u00edvio \u00e0 infla\u00e7\u00e3o"},"content":{"rendered":"<p>POR SIMONE KAFRUNI<\/p>\n<p>&nbsp;<\/p>\n<p>Com a redu\u00e7\u00e3o de 8,10% das tarifas da Eletropaulo, autorizada pela Ag\u00eancia Nacional de Energia El\u00e9trica (Aneel), especialistas calculam que o \u00cdndice de Pre\u00e7os ao Consumidor Amplo (IPCA) poder\u00e1 ter al\u00edvio de 0,6 a 0,8 ponto na infla\u00e7\u00e3o de julho.<\/p>\n<p>&nbsp;<\/p>\n<p>Segundo Juliano Ferreira, economista-chefe da Corretora Icap, o mercado n\u00e3o estava esperando esse benef\u00edcio nas tarifas da Eletropaulo. \u201cIsso fez os economistas revisarem proje\u00e7\u00f5es de infla\u00e7\u00e3o para julho, que t\u00eam variado entre 0,35% e 0,45%. As estimativas mais altas incorporam press\u00e3o maior dos pre\u00e7os dos alimentos\u201d, explica.<\/p>\n<p>&nbsp;<\/p>\n<p>Para Ferreira, n\u00e3o ser\u00e1 surpresa se a Icap reduzir novamente sua proje\u00e7\u00e3o de infla\u00e7\u00e3o. \u201cDe qualquer foram, acho pouco prov\u00e1vel mudarmos para algo abaixo de 0,4%. Alimentos no atacado, ponto ressaltado no Relat\u00f3rio Trimestral de Infla\u00e7\u00e3o do Banco Central, nos preocupa bastante\u201d, afirma.<br \/>\nPara o s\u00f3cio-diretor da M\u00e9thode Consultoria, Adriano Gomes, o efeito da redu\u00e7\u00e3o das tarifas de energia da Eletropaulo n\u00e3o \u00e9 imediato, mas \u00e9 significativo, devido ao peso que S\u00e3o Paulo tem no c\u00e1lculo do IPCA. \u201cQuando a tarifa sobe, o repasse \u00e9 instant\u00e2neo, mas, quando h\u00e1 redu\u00e7\u00e3o, leva uns 90 dias. Por outro lado, energia \u00e9 um dos elementos de maior custo das empresas e a queda colabora para minimizar os gastos, refletindo em pre\u00e7os de produtos e servi\u00e7os\u201d, destaca.<\/p>\n<p>&nbsp;<\/p>\n<p>As tarifas cobradas das ind\u00fastrias atendidas pela Eletropaulo ter\u00e3o a maior queda, de 9,74%, a partir de 4 de julho. A distribuidora atende 6,9 milh\u00f5es de unidades na regi\u00e3o metropolitana de S\u00e3o Paulo, inclusive a capital. Para a baixa tens\u00e3o, ou seja, consumidores residenciais e comerciais, o recuo ser\u00e1 de 7,30%. Para o consumidor de baixa renda, a conta de luz\u00a0 ficar\u00e1 7,27% mais barata.<\/p>\n<p>&nbsp;<\/p>\n<p><em>Bras\u00edlia, 11h20min<\/em><\/p>\n","protected":false},"excerpt":{"rendered":"<p>POR SIMONE KAFRUNI &nbsp; Com a redu\u00e7\u00e3o de 8,10% das tarifas da Eletropaulo, autorizada pela Ag\u00eancia Nacional de Energia El\u00e9trica (Aneel), especialistas calculam que o \u00cdndice de Pre\u00e7os ao Consumidor Amplo (IPCA) poder\u00e1 ter al\u00edvio de 0,6 a 0,8 ponto na infla\u00e7\u00e3o de julho. &nbsp; Segundo Juliano Ferreira, economista-chefe da Corretora Icap, o mercado n\u00e3o [&hellip;]<\/p>\n","protected":false},"author":22,"featured_media":0,"comment_status":"open","ping_status":"closed","sticky":false,"template":"","format":"standard","meta":{"wpb_read_more":[],"footnotes":""},"categories":[600,1],"tags":[482,36,14],"class_list":["post-1724","post","type-post","status-publish","format-standard","hentry","category-economia","category-sem-categoria","tag-eletropaulo","tag-energia","tag-inflacao"],"_links":{"self":[{"href":"https:\/\/blogs2.correiobraziliense.com.br\/vicente\/wp-json\/wp\/v2\/posts\/1724","targetHints":{"allow":["GET"]}}],"collection":[{"href":"https:\/\/blogs2.correiobraziliense.com.br\/vicente\/wp-json\/wp\/v2\/posts"}],"about":[{"href":"https:\/\/blogs2.correiobraziliense.com.br\/vicente\/wp-json\/wp\/v2\/types\/post"}],"author":[{"embeddable":true,"href":"https:\/\/blogs2.correiobraziliense.com.br\/vicente\/wp-json\/wp\/v2\/users\/22"}],"replies":[{"embeddable":true,"href":"https:\/\/blogs2.correiobraziliense.com.br\/vicente\/wp-json\/wp\/v2\/comments?post=1724"}],"version-history":[{"count":1,"href":"https:\/\/blogs2.correiobraziliense.com.br\/vicente\/wp-json\/wp\/v2\/posts\/1724\/revisions"}],"predecessor-version":[{"id":1725,"href":"https:\/\/blogs2.correiobraziliense.com.br\/vicente\/wp-json\/wp\/v2\/posts\/1724\/revisions\/1725"}],"wp:attachment":[{"href":"https:\/\/blogs2.correiobraziliense.com.br\/vicente\/wp-json\/wp\/v2\/media?parent=1724"}],"wp:term":[{"taxonomy":"category","embeddable":true,"href":"https:\/\/blogs2.correiobraziliense.com.br\/vicente\/wp-json\/wp\/v2\/categories?post=1724"},{"taxonomy":"post_tag","embeddable":true,"href":"https:\/\/blogs2.correiobraziliense.com.br\/vicente\/wp-json\/wp\/v2\/tags?post=1724"}],"curies":[{"name":"wp","href":"https:\/\/api.w.org\/{rel}","templated":true}]}}