{"id":17282,"date":"2021-02-01T12:01:41","date_gmt":"2021-02-01T15:01:41","guid":{"rendered":"https:\/\/blogs2.correiobraziliense.com.br\/vicente\/?p=17282"},"modified":"2021-02-01T12:41:54","modified_gmt":"2021-02-01T15:41:54","slug":"para-bolsonaro-rodrigo-maia-pedira-arrego-ao-governo","status":"publish","type":"post","link":"https:\/\/blogs2.correiobraziliense.com.br\/vicente\/para-bolsonaro-rodrigo-maia-pedira-arrego-ao-governo\/","title":{"rendered":"Para Bolsonaro, Rodrigo Maia pedir\u00e1 &#8220;arrego&#8221; ao governo"},"content":{"rendered":"<h2>Quem falou com o presidente Jair Bolsonaro nesta segunda-ferira (01\/02) diz que h\u00e1 muito tempo n\u00e3o o via t\u00e3o feliz. Bolsonaro est\u00e1 exultante por fazer os presidentes da C\u00e2mara e do Senado, com as vit\u00f3rias de Arthur Lira (PP) e de Rodrigo Pacheco (DEM), respectivamente.<\/h2>\n<p>&nbsp;<\/p>\n<p>Nada, por\u00e9m, d\u00e1 mais prazer ao presidente da Rep\u00fablica do que a derrota fragorosa de Rodrigo Maia (DEM), quase ex-presidente da C\u00e2mara. Maia tentou fazer o deputado Baleia Rossi (MDB) seu sucessor no comando da C\u00e2mara, mas est\u00e1 praticamente definido que Lira ser\u00e1 o vencedor nas elei\u00e7\u00f5es desta segunda.<\/p>\n<p>&nbsp;<\/p>\n<p>Para Bolsonaro, sem poder, tra\u00eddo pelo pr\u00f3prio partido, o DEM, com um grupo reduzid\u00edssimo de apoiadores, Rodrigo Maia, mais cedo, mais tarde, pedir\u00e1 &#8220;arrego&#8221; ao governo. O presidente acredita que Maia \u00e9 vaidoso demais para ficar no ostracismo. E vai querer pegar carona no grupo de Lira.<\/p>\n<p>&nbsp;<\/p>\n<p><strong>Caneta que distribui cargos e verbas<\/strong><\/p>\n<p>&nbsp;<\/p>\n<p>Bolsonaro diz que Maia fez a escolha dele, de partir para o enfrentamento, destruindo todas as pontes com o governo. Acreditava ter mais poder e apoio do que realmente tinha. Segundo o presidente, n\u00e3o havia como Maia competir com a sua caneta Bic, muito poderosa, por poder distribuir cargos no governo e verbas.<\/p>\n<p>&nbsp;<\/p>\n<p>Assessores de Bolsonaro no Pal\u00e1cio do Planalto acreditam que Rodrigo Maia vai se juntar ao governador de S\u00e3o Paulo, Jo\u00e3o Doria, nos ataques ao governo. &#8220;Ser\u00e1 o \u00fanico jeito de ele conseguir espa\u00e7o na m\u00eddia&#8221;, afirma um dos auxiliares do presidente. &#8220;Mas Maia ver\u00e1 que ser\u00e1 melhor se juntar aos aliados do governo&#8221;, acrescenta.<\/p>\n<p>&nbsp;<\/p>\n<p>No que depender de Bolsonaro, a ordem ser\u00e1 fustigar ao m\u00e1ximo Rodrigo Maia e ampliar a imagem de que ele \u00e9 um grande derrotado, sem base de apoio e fragilizado para reconstruir um caminho pol\u00edtico que o leve de volta ao protagonismo. &#8220;Maia foi trucidado&#8221;, destaca o mesmo assessor.<\/p>\n<p>&nbsp;<\/p>\n<p><em>Bras\u00edlia, 12h01min<\/em><\/p>\n","protected":false},"excerpt":{"rendered":"<p>Quem falou com o presidente Jair Bolsonaro nesta segunda-ferira (01\/02) diz que h\u00e1 muito tempo n\u00e3o o via t\u00e3o feliz. Bolsonaro est\u00e1 exultante por fazer os presidentes da C\u00e2mara e do Senado, com as vit\u00f3rias de Arthur Lira (PP) e de Rodrigo Pacheco (DEM), respectivamente. &nbsp; Nada, por\u00e9m, d\u00e1 mais prazer ao presidente da Rep\u00fablica [&hellip;]<\/p>\n","protected":false},"author":22,"featured_media":17094,"comment_status":"open","ping_status":"closed","sticky":false,"template":"","format":"standard","meta":{"wpb_read_more":[],"footnotes":""},"categories":[600],"tags":[926,254,665,5156,2526,2787,5172],"class_list":["post-17282","post","type-post","status-publish","format-standard","has-post-thumbnail","hentry","category-economia","tag-brasilia","tag-congresso","tag-eleicoes","tag-para-bolsonaro","tag-poder","tag-politica","tag-rodrigo-maia-pedira-arrego-ao-governo"],"_links":{"self":[{"href":"https:\/\/blogs2.correiobraziliense.com.br\/vicente\/wp-json\/wp\/v2\/posts\/17282","targetHints":{"allow":["GET"]}}],"collection":[{"href":"https:\/\/blogs2.correiobraziliense.com.br\/vicente\/wp-json\/wp\/v2\/posts"}],"about":[{"href":"https:\/\/blogs2.correiobraziliense.com.br\/vicente\/wp-json\/wp\/v2\/types\/post"}],"author":[{"embeddable":true,"href":"https:\/\/blogs2.correiobraziliense.com.br\/vicente\/wp-json\/wp\/v2\/users\/22"}],"replies":[{"embeddable":true,"href":"https:\/\/blogs2.correiobraziliense.com.br\/vicente\/wp-json\/wp\/v2\/comments?post=17282"}],"version-history":[{"count":2,"href":"https:\/\/blogs2.correiobraziliense.com.br\/vicente\/wp-json\/wp\/v2\/posts\/17282\/revisions"}],"predecessor-version":[{"id":17284,"href":"https:\/\/blogs2.correiobraziliense.com.br\/vicente\/wp-json\/wp\/v2\/posts\/17282\/revisions\/17284"}],"wp:featuredmedia":[{"embeddable":true,"href":"https:\/\/blogs2.correiobraziliense.com.br\/vicente\/wp-json\/wp\/v2\/media\/17094"}],"wp:attachment":[{"href":"https:\/\/blogs2.correiobraziliense.com.br\/vicente\/wp-json\/wp\/v2\/media?parent=17282"}],"wp:term":[{"taxonomy":"category","embeddable":true,"href":"https:\/\/blogs2.correiobraziliense.com.br\/vicente\/wp-json\/wp\/v2\/categories?post=17282"},{"taxonomy":"post_tag","embeddable":true,"href":"https:\/\/blogs2.correiobraziliense.com.br\/vicente\/wp-json\/wp\/v2\/tags?post=17282"}],"curies":[{"name":"wp","href":"https:\/\/api.w.org\/{rel}","templated":true}]}}